{"id":24064,"date":"2022-12-28T15:52:24","date_gmt":"2022-12-28T18:52:24","guid":{"rendered":"https:\/\/lajes.rn.gov.br\/transparente\/index\/?p=24064"},"modified":"2023-03-01T10:26:09","modified_gmt":"2023-03-01T13:26:09","slug":"aviso-de-resultado-de-licitacao-tomada-de-precos-no-009-2022","status":"publish","type":"post","link":"https:\/\/lajes.rn.gov.br\/transparente\/index\/aviso-de-resultado-de-licitacao-tomada-de-precos-no-009-2022\/","title":{"rendered":"AVISO DE RESULTADO DE LICITA\u00c7\u00c3O TOMADA DE PRE\u00c7OS N\u00ba 009\/2022"},"content":{"rendered":"<div id=\"separador\" class=\"cabecalhoEstadoSeparador cabecalhoEstadoSeparador2\">\n<p style=\"text-align: center;\"><strong>ESTADO DO RIO GRANDE DO NORTE<\/strong><br \/>\n<strong>PREFEITURA MUNICIPAL DE LAJES<\/strong><\/p>\n<\/div>\n<p class=\"cabecaorgao\" style=\"text-align: center;\"><strong>COMISS\u00c3O PERMANENTE DE LICITA\u00c7\u00c3O &#8211; CPL<\/strong><\/p>\n<hr \/>\n<div id=\"materia\" class=\"materia materia20091123 materia2\">\n<p>AVISO DE RESULTADO DE LICITA\u00c7\u00c3O<\/p>\n<div class=\"mat\"><\/div>\n<p><b>TOMADA DE PRE\u00c7OS N\u00ba 009\/2022<\/b><\/p>\n<p><b>Processo Administrativo n\u00ba 938\/2022<\/b><\/p>\n<p><b>Licita\u00e7\u00e3o n\u00ba 195\/2022<\/b><\/p>\n<p>&nbsp;<\/p>\n<p><b>OBJETO: CONTRATA\u00c7\u00c3O DE EMPRESA ESPECIALIZADA EM ENGENHARIA PARA A REFORMA DA ESTRUTURA DO ATERRO CONTROLADO DO MUNIC\u00cdPIO DE LAJES\/RN.<\/b><\/p>\n<p>&nbsp;<\/p>\n<p>A Prefeitura Municipal de Lajes\/RN, por meio da Comiss\u00e3o Permanente de Licita\u00e7\u00e3o, torna p\u00fablico o resultado do julgamento das propostas e da vencedora, do processo licitat\u00f3rio em ep\u00edgrafe, conforme segue:<\/p>\n<p>&nbsp;<\/p>\n<table class=\"mat\" border=\"1\" cellspacing=\"0\" cellpadding=\"0\" align=\"left\">\n<tbody>\n<tr>\n<td width=\"520\"><b>LICITANTE\/CNPJ<\/b><\/td>\n<td width=\"122\"><b>VALOR (R$)<\/b><\/td>\n<td width=\"150\"><b>COLOCA\u00c7\u00c3O<\/b><\/td>\n<\/tr>\n<tr>\n<td width=\"520\">ETAZIA PATRICIA GALDINO DA SILVA LTDA \/ 24.339.167\/0001-40<\/td>\n<td width=\"122\">100.012,29<\/td>\n<td width=\"150\">1\u00ba COLOCADO<\/td>\n<\/tr>\n<tr>\n<td width=\"520\">LT CONSTRUCAO DE EDIFICIOS EIRELI \/ 34.808.943\/0001-67<\/td>\n<td width=\"122\">100.810,45<\/td>\n<td width=\"150\">2\u00ba COLOCADO<\/td>\n<\/tr>\n<tr>\n<td width=\"520\">PAIVA NETO CONSTRUCOES LTDA \/ 33.666.642\/0001-83<\/td>\n<td width=\"122\">101.965,42<\/td>\n<td width=\"150\">3\u00ba COLOCADO<\/td>\n<\/tr>\n<tr>\n<td width=\"520\">ALVES E AQUINO SERVICOS ESPECIALIZADOS LTDA \/ 16.882.115\/0001-97<\/td>\n<td width=\"122\">106.450,55<\/td>\n<td width=\"150\">4\u00ba COLOCADO<\/td>\n<\/tr>\n<tr>\n<td width=\"520\">CONSTRUTORA BEZERRIL SOUTO EIRELI \/ 36.182.708\/0001-58<\/td>\n<td width=\"122\">109.834,09<\/td>\n<td width=\"150\">5\u00ba COLOCADO<\/td>\n<\/tr>\n<tr>\n<td width=\"520\">JOSE CREZIO LOPES FILHO \/ 23.304.039\/0001-06<\/td>\n<td width=\"122\">113.525,59<\/td>\n<td width=\"150\">6\u00ba COLOCADO<\/td>\n<\/tr>\n<tr>\n<td width=\"520\">CIRILO CONSTRUCOES E SERVICOS EIRELI \/ 43.188.372\/0001-04<\/td>\n<td width=\"122\">114.789,77<\/td>\n<td width=\"150\">7\u00ba COLOCADO<\/td>\n<\/tr>\n<tr>\n<td width=\"520\">MAX COMERCIO E SERVICOS EIRELI \/ 26.607.991\/0001-69<\/td>\n<td width=\"122\">114.927,03<\/td>\n<td width=\"150\">8\u00ba COLOCADO<\/td>\n<\/tr>\n<tr>\n<td width=\"520\">A S P SERVICOS E COMERCIO EIRELI \/ 26.747.505\/0001-08<\/td>\n<td width=\"122\">115.941,59<\/td>\n<td width=\"150\">9\u00ba COLOCADO<\/td>\n<\/tr>\n<tr>\n<td width=\"520\">INOVE EMPREENDIMENTOS E CONSTRUCOES EIRELI \/ 19.852.388\/0001-87<\/td>\n<td width=\"122\">116.885,10<\/td>\n<td width=\"150\">10\u00ba COLOCADO<\/td>\n<\/tr>\n<tr>\n<td width=\"520\">CONCRETIZA EMPREENDIMENTOS LTDA \/ 09.026.534\/0001-61<\/td>\n<td width=\"122\">97.750,58<\/td>\n<td width=\"150\">DESCLASSIFICADO<\/td>\n<\/tr>\n<\/tbody>\n<\/table>\n<p>&nbsp;<\/p>\n<p>A empresa CONCRETIZA EMPREENDIMENTOS LTDA \/ 09.026.534\/0001-61 foi DESCLASSIFICADA PELOS MOTIVOS QUE SEGUEM:<\/p>\n<p>Apresentou BDI de 28,82%, fora do intervalo previsto no ac\u00f3rd\u00e3o TCU n\u00ba 2622\/2013;<\/p>\n<p>Por ter apresentado nos 2.1.1.3, 3.1.2 e 3.4.4 valor do custo unit\u00e1rio superior ao do pre\u00e7o de refer\u00eancia fixado pela administra\u00e7\u00e3o. Conforme consta na planilha abaixo, sendo por tanto desclassificado em conformidade com o item 12.13 do edital.<\/p>\n<p>&nbsp;<\/p>\n<table class=\"mat\" border=\"1\" cellspacing=\"0\" cellpadding=\"0\" align=\"left\">\n<tbody>\n<tr>\n<td width=\"71\"><b>ITEM<\/b><\/td>\n<td width=\"331\"><b>DESCRI\u00c7\u00c3O<\/b><\/td>\n<td width=\"154\"><b>PRE\u00c7O DE REFER\u00caNCIA<\/b><\/td>\n<td width=\"224\"><b>PRE\u00c7O OFERTADO PELO LICITANTE<\/b><\/td>\n<\/tr>\n<tr>\n<td width=\"71\">2.1.1.3<\/td>\n<td width=\"331\">PREPARO DE FUNDO DE VALA COM LARGURA MAIOR OU IGUAL A 1,5 M E MENOR QUE 2,5 M (ACERTO DO SOLO NATURAL). AF_08\/2020<\/td>\n<td width=\"154\">R$ 79,46<\/td>\n<td width=\"224\">R$ 82,63<\/td>\n<\/tr>\n<tr>\n<td width=\"71\">3.1.2<\/td>\n<td width=\"331\">DEMOLI\u00c7\u00c3O DE ARGAMASSAS, DE FORMA MANUAL, SEM REAPROVEITAMENTO. AF_12\/2017<\/td>\n<td width=\"154\">R$ 94,47<\/td>\n<td width=\"224\">R$ 99,53<\/td>\n<\/tr>\n<tr>\n<td width=\"71\">3.4.4<\/td>\n<td width=\"331\">LAN\u00c7AMENTO COM USO DE BALDES, ADENSAMENTO E ACABAMENTO DE CONCRETO EM ESTRUTURAS. AF_02\/2022<\/td>\n<td width=\"154\">R$ 194,18<\/td>\n<td width=\"224\">R$ 203,82<\/td>\n<\/tr>\n<\/tbody>\n<\/table>\n<p>&nbsp;<\/p>\n<p>Assim, sendo o certame teve como vencedora a empresa\u00a0<b>ETAZIA PATRICIA GALDINO DA SILVA LTDA \/ 24.339.167\/0001-40,\u00a0<\/b>que apresentou a melhor proposta, no valor global de com proposta global no valor de\u00a0<b>R$ 100.012,29 (cem mil, doze reais e vinte e nove centavos).<\/b><\/p>\n<p>Na forma disposta no art. 109 da Lei n\u00ba 8.666\/93, fica aberto o prazo de 05(cinco) dias \u00fateis a partir de sua publica\u00e7\u00e3o para a interposi\u00e7\u00e3o de recursos administrativos, contra esta decis\u00e3o. Os interessados poder\u00e3o nos dias normais de expediente, obter demais informa\u00e7\u00f5es, na sala de Licita\u00e7\u00f5es, localizada na sede do Poder Executivo Municipal, no endere\u00e7o RUA RAMIRO PEREIRA DA SILVA, N\u00ba 17, CENTRO, LAJES\/RN, CEP: 59.535-000, ou ainda atrav\u00e9s do e-mail:\u00a0cpl@lajes.rn.gov.br.<\/p>\n<p>&nbsp;<\/p>\n<p>Lajes\/RN, 28\/12\/2022.<\/p>\n<p>&nbsp;<\/p>\n<p>&nbsp;<\/p>\n<p><b><i>FRANCISCO LINDEMBERG DA SILVA<\/i><\/b><\/p>\n<p><b><i><\/i><\/b>&nbsp;<\/p>\n<p>Presidente da CPL<\/p>\n<\/div>\n<div class=\"pdfprnt-buttons pdfprnt-buttons-post pdfprnt-bottom-right\"><a href=\"https:\/\/lajes.rn.gov.br\/transparente\/index\/wp-json\/wp\/v2\/posts\/24064?print=pdf\" class=\"pdfprnt-button pdfprnt-button-pdf\" target=\"_blank\" ><img decoding=\"async\" src=\"https:\/\/lajes.rn.gov.br\/transparente\/index\/wp-content\/plugins\/pdf-print\/images\/pdf.png\" alt=\"image_pdf\" title=\"Ver PDF\" \/><\/a><a href=\"https:\/\/lajes.rn.gov.br\/transparente\/index\/wp-json\/wp\/v2\/posts\/24064?print=print\" class=\"pdfprnt-button pdfprnt-button-print\" target=\"_blank\" ><img decoding=\"async\" src=\"https:\/\/lajes.rn.gov.br\/transparente\/index\/wp-content\/plugins\/pdf-print\/images\/print.png\" alt=\"image_print\" title=\"Conte\u00fado de impress\u00e3o\" \/><\/a><\/div>","protected":false},"excerpt":{"rendered":"<p>ESTADO DO RIO GRANDE DO NORTE PREFEITURA MUNICIPAL DE LAJES COMISS\u00c3O PERMANENTE DE LICITA\u00c7\u00c3O &#8211; CPL AVISO DE RESULTADO DE LICITA\u00c7\u00c3O TOMADA DE PRE\u00c7OS N\u00ba 009\/2022 Processo Administrativo n\u00ba 938\/2022 Licita\u00e7\u00e3o n\u00ba 195\/2022 &nbsp; OBJETO: CONTRATA\u00c7\u00c3O DE EMPRESA ESPECIALIZADA EM ENGENHARIA PARA A REFORMA DA ESTRUTURA DO ATERRO CONTROLADO DO MUNIC\u00cdPIO DE LAJES\/RN. &nbsp; A [&hellip;]<\/p>\n","protected":false},"author":3,"featured_media":0,"comment_status":"closed","ping_status":"closed","sticky":false,"template":"","format":"standard","meta":{"ocean_post_layout":"","ocean_both_sidebars_style":"","ocean_both_sidebars_content_width":0,"ocean_both_sidebars_sidebars_width":0,"ocean_sidebar":"","ocean_second_sidebar":"","ocean_disable_margins":"enable","ocean_add_body_class":"","ocean_shortcode_before_top_bar":"","ocean_shortcode_after_top_bar":"","ocean_shortcode_before_header":"","ocean_shortcode_after_header":"","ocean_has_shortcode":"","ocean_shortcode_after_title":"","ocean_shortcode_before_footer_widgets":"","ocean_shortcode_after_footer_widgets":"","ocean_shortcode_before_footer_bottom":"","ocean_shortcode_after_footer_bottom":"","ocean_display_top_bar":"default","ocean_display_header":"default","ocean_header_style":"","ocean_center_header_left_menu":"","ocean_custom_header_template":"","ocean_custom_logo":0,"ocean_custom_retina_logo":0,"ocean_custom_logo_max_width":0,"ocean_custom_logo_tablet_max_width":0,"ocean_custom_logo_mobile_max_width":0,"ocean_custom_logo_max_height":0,"ocean_custom_logo_tablet_max_height":0,"ocean_custom_logo_mobile_max_height":0,"ocean_header_custom_menu":"","ocean_menu_typo_font_family":"","ocean_menu_typo_font_subset":"","ocean_menu_typo_font_size":0,"ocean_menu_typo_font_size_tablet":0,"ocean_menu_typo_font_size_mobile":0,"ocean_menu_typo_font_size_unit":"px","ocean_menu_typo_font_weight":"","ocean_menu_typo_font_weight_tablet":"","ocean_menu_typo_font_weight_mobile":"","ocean_menu_typo_transform":"","ocean_menu_typo_transform_tablet":"","ocean_menu_typo_transform_mobile":"","ocean_menu_typo_line_height":0,"ocean_menu_typo_line_height_tablet":0,"ocean_menu_typo_line_height_mobile":0,"ocean_menu_typo_line_height_unit":"","ocean_menu_typo_spacing":0,"ocean_menu_typo_spacing_tablet":0,"ocean_menu_typo_spacing_mobile":0,"ocean_menu_typo_spacing_unit":"","ocean_menu_link_color":"","ocean_menu_link_color_hover":"","ocean_menu_link_color_active":"","ocean_menu_link_background":"","ocean_menu_link_hover_background":"","ocean_menu_link_active_background":"","ocean_menu_social_links_bg":"","ocean_menu_social_hover_links_bg":"","ocean_menu_social_links_color":"","ocean_menu_social_hover_links_color":"","ocean_disable_title":"default","ocean_disable_heading":"default","ocean_post_title":"","ocean_post_subheading":"","ocean_post_title_style":"","ocean_post_title_background_color":"","ocean_post_title_background":0,"ocean_post_title_bg_image_position":"","ocean_post_title_bg_image_attachment":"","ocean_post_title_bg_image_repeat":"","ocean_post_title_bg_image_size":"","ocean_post_title_height":0,"ocean_post_title_bg_overlay":0.5,"ocean_post_title_bg_overlay_color":"","ocean_disable_breadcrumbs":"default","ocean_breadcrumbs_color":"","ocean_breadcrumbs_separator_color":"","ocean_breadcrumbs_links_color":"","ocean_breadcrumbs_links_hover_color":"","ocean_display_footer_widgets":"default","ocean_display_footer_bottom":"default","ocean_custom_footer_template":"","ocean_post_oembed":"","ocean_post_self_hosted_media":"","ocean_post_video_embed":"","ocean_link_format":"","ocean_link_format_target":"self","ocean_quote_format":"","ocean_quote_format_link":"post","ocean_gallery_link_images":"on","ocean_gallery_id":[],"footnotes":""},"categories":[3,97,100,107],"tags":[],"class_list":["post-24064","post","type-post","status-publish","format-standard","hentry","category-licitacao","category-resultado-de-licitacao","category-resultado-de-licitacao-2022","category-tomada-de-preco","entry"],"_links":{"self":[{"href":"https:\/\/lajes.rn.gov.br\/transparente\/index\/wp-json\/wp\/v2\/posts\/24064","targetHints":{"allow":["GET"]}}],"collection":[{"href":"https:\/\/lajes.rn.gov.br\/transparente\/index\/wp-json\/wp\/v2\/posts"}],"about":[{"href":"https:\/\/lajes.rn.gov.br\/transparente\/index\/wp-json\/wp\/v2\/types\/post"}],"author":[{"embeddable":true,"href":"https:\/\/lajes.rn.gov.br\/transparente\/index\/wp-json\/wp\/v2\/users\/3"}],"replies":[{"embeddable":true,"href":"https:\/\/lajes.rn.gov.br\/transparente\/index\/wp-json\/wp\/v2\/comments?post=24064"}],"version-history":[{"count":1,"href":"https:\/\/lajes.rn.gov.br\/transparente\/index\/wp-json\/wp\/v2\/posts\/24064\/revisions"}],"predecessor-version":[{"id":24065,"href":"https:\/\/lajes.rn.gov.br\/transparente\/index\/wp-json\/wp\/v2\/posts\/24064\/revisions\/24065"}],"wp:attachment":[{"href":"https:\/\/lajes.rn.gov.br\/transparente\/index\/wp-json\/wp\/v2\/media?parent=24064"}],"wp:term":[{"taxonomy":"category","embeddable":true,"href":"https:\/\/lajes.rn.gov.br\/transparente\/index\/wp-json\/wp\/v2\/categories?post=24064"},{"taxonomy":"post_tag","embeddable":true,"href":"https:\/\/lajes.rn.gov.br\/transparente\/index\/wp-json\/wp\/v2\/tags?post=24064"}],"curies":[{"name":"wp","href":"https:\/\/api.w.org\/{rel}","templated":true}]}}