{"id":24042,"date":"2022-12-06T15:36:10","date_gmt":"2022-12-06T18:36:10","guid":{"rendered":"https:\/\/lajes.rn.gov.br\/transparente\/index\/?p=24042"},"modified":"2023-03-01T10:27:33","modified_gmt":"2023-03-01T13:27:33","slug":"julgamento-de-recurso-administrativo-tomada-de-precos-005-2022","status":"publish","type":"post","link":"https:\/\/lajes.rn.gov.br\/transparente\/index\/julgamento-de-recurso-administrativo-tomada-de-precos-005-2022\/","title":{"rendered":"JULGAMENTO DE RECURSO ADMINISTRATIVO TOMADA DE PRE\u00c7OS 005\/2022"},"content":{"rendered":"<div id=\"separador\" class=\"cabecalhoEstadoSeparador cabecalhoEstadoSeparador1\">\n<p style=\"text-align: center;\"><strong>ESTADO DO RIO GRANDE DO NORTE<\/strong><br \/>\n<strong>PREFEITURA MUNICIPAL DE LAJES<\/strong><\/p>\n<\/div>\n<p class=\"cabecaorgao\" style=\"text-align: center;\"><strong>COMISS\u00c3O PERMANENTE DE LICITA\u00c7\u00c3O &#8211; CPL<\/strong><\/p>\n<hr \/>\n<div id=\"materia\" class=\"materia materia20091123 materia1\">\n<p>JULGAMENTO DE RECURSO ADMINISTRATIVO<\/p>\n<div class=\"mat\"><\/div>\n<p><b>Refer\u00eancia: TOMADA DE PRE\u00c7OS 005\/2022<\/b><\/p>\n<p><b>Objeto:\u00a0<\/b><b>Contrata\u00e7\u00e3o de empresa de engenharia especializada para execu\u00e7\u00e3o dos servi\u00e7os de pavimenta\u00e7\u00e3o em paralelep\u00edpedos pelo m\u00e9todo convencional e drenagem superficial das ruas: Ab\u00edlio Torquato de Brito e Manoel Gabriel Filho, COHAB, Lajes\/RN<\/b>.<\/p>\n<p>&nbsp;<\/p>\n<p><b>Recorrente: SAULO VARELA CALDAS EIRELI, CNPJ N\u00ba 21.268.253\/0001-10.<\/b><\/p>\n<p>Trata-se de Recurso Administrativo interposto pela empresa\u00a0<b>SAULO VARELA CALDAS EIRELI, CNPJ N\u00ba 21.268.253\/0001-10<\/b>, com fundamento no art. 109, I, da Lei Federal 8.666\/93, em face a decis\u00e3o da Comiss\u00e3o Permanente de Licita\u00e7\u00f5es, que\u00a0<b>DECLAROU\u00a0<\/b>a empresa\u00a0<b>A S P SERVICOS E COMERCIO EIRELI, CNPJ N\u00ba 26.747.505\/0001-08<\/b>, vencedora do certame em ep\u00edgrafe.<\/p>\n<p><b>I.\u00a0<\/b><b>DA TEMPESTIVIDADE<\/b><\/p>\n<p>A publica\u00e7\u00e3o do resultado da tomada de pre\u00e7os epigrafada se deu em 24\/08\/2022, sendo concedido o prazo de 05 (cinco) dias \u00fateis para a apresenta\u00e7\u00e3o de recurso administrativo contra a decis\u00e3o proferida pela CPL, tudo conforme previsto no art. 109, I, da Lei Federal n\u00ba 8.666\/93. E tendo a recorrente enviado e-mail com seu recurso administrativo contra a decis\u00e3o a CPL em 31\/08\/2022, portanto tempestivamente.<\/p>\n<p><b>II.\u00a0<\/b><b>DAS FORMALIDADES LEGAIS<\/b><\/p>\n<p>Cumprida as formalidades legais, registra-se que foram cientificados todos os demais licitantes participantes da exist\u00eancia e tramita\u00e7\u00e3o do respectivo Recurso Administrativo interposto, sendo publicado aviso de interposi\u00e7\u00e3o de recuso no Di\u00e1rio Oficial dos Munic\u00edpios do Estado do Rio Grande do Norte no dia 02\/09\/2022, na edi\u00e7\u00e3o 2858, abrindo-lhes vistas \u00e0 apresenta\u00e7\u00e3o de contrarraz\u00f5es.<\/p>\n<p>N\u00e3o houve por parte dos demais participantes apresenta\u00e7\u00e3o de contrarraz\u00f5es para o referido Recurso Administrativo<\/p>\n<p>&nbsp;<\/p>\n<p><b>III.\u00a0<\/b><b>DO PEDIDO DA RECORRENTE<\/b><\/p>\n<p>Alega, resumidamente recorrente que h\u00e1 inconsist\u00eancias na proposta da empresa\u00a0<b>A S P SERVICOS E COMERCIO EIRELI, CNPJ N\u00ba 26.747.505\/0001-08<\/b>, e por fim requer que:<\/p>\n<p><i>\u201cNa esteira do exposto, e dentro dos princ\u00edpios, requer-se que seja julgado provido o presente<\/i><\/p>\n<p><i>recurso, com efeito para que, reconhecendo-se a ilegalidade da decis\u00e3o hostilizada, como de rigor,<\/i><\/p>\n<p><i>admita-se a inabilita\u00e7\u00e3o da recorrente na fase seguinte da licita\u00e7\u00e3o.<\/i><\/p>\n<p><i>Outrossim, lastreada nas raz\u00f5es recursais, requer-se que essa Comiss\u00e3o de Licita\u00e7\u00e3o reconsidere sua decis\u00e3o e, na hip\u00f3tese n\u00e3o esperada disso n\u00e3o ocorrer, fa\u00e7a este subir, devidamente informados, \u00e0 autoridade superior, em conformidade com o \u00a7 4\u00b0, do art. 109, da Lei n\u00b0 8666\/93.\u201d<\/i><\/p>\n<p>&nbsp;<\/p>\n<p><b>IV.\u00a0<\/b><b>DA AN\u00c1LISE<\/b><\/p>\n<p>Ap\u00f3s o recebimento do recurso foi remetido para o setor de engenharia para que emitisse parecer t\u00e9cnico sobre a quest\u00e3o, tendo o Engenheiro Civil\u00a0<b>Anderson Reis da Silva,<\/b>\u00a0inscrito no CREA\/RN sob n\u00ba 211403755-0, alegado que:<\/p>\n<p>\u201cO BDI apresentado possui o mesmo valor proposto dessa forma estando correto j\u00e1 que n\u00e3o houve altera\u00e7\u00e3o em rela\u00e7\u00e3o ao or\u00e7amento base apresentado pela PM de lajes; e<\/p>\n<p>N\u00e3o \u00e9 analisado composi\u00e7\u00f5es anal\u00edticas de itens de planilhas publicas apenas de itens que possuem composi\u00e7\u00e3o pr\u00f3pria, \u00e9 solicitado apenas composi\u00e7\u00e3o sint\u00e9tica as composi\u00e7\u00f5es s\u00e3o obrigatoriamente utilizadas as mesmas presentes nas planilhas publicas bases, dessa forma documentos entregues a mais do solicitado s\u00e3o desconsiderados;<\/p>\n<p>Dessa forma, classificamos a proposta como apta para contrata\u00e7\u00e3o aos aspectos t\u00e9cnicos de engenharia.\u201d<\/p>\n<p>&nbsp;<\/p>\n<p><b>V.\u00a0<\/b><b>DA CONCLUS\u00c3O<\/b><\/p>\n<p>Desta forma, diante do exposto acima, e com fundamento nos princ\u00edpios Constitucionais da Legalidade, da Impessoalidade, da Moralidade, da Publicidade e da Efici\u00eancia, assim como os correlatos, da vincula\u00e7\u00e3o ao instrumento convocat\u00f3rio, do julgamento Objetivo e a sele\u00e7\u00e3o da proposta mais vantajosa para a Administra\u00e7\u00e3o e em todos os atos at\u00e9 ent\u00e3o praticados, DECIDO em conhecer do recurso para no m\u00e9rito e, julg\u00e1-lo totalmente IMPROCEDENTE, mantendo a\u00a0<b>proposta da empesa A S P SERVICOS E COMERCIO EIRELI, CNPJ N\u00ba 26.747.505\/0001-08,\u00a0<\/b>classificada como vencedora do certame.<\/p>\n<p>&nbsp;<\/p>\n<p>Em ato cont\u00ednuo, fa\u00e7o subir os autos devidamente informados para aprecia\u00e7\u00e3o do Exmo. Senhor Prefeito Municipal.<\/p>\n<p>&nbsp;<\/p>\n<p>Lajes\/RN, 06\/12\/2022.<\/p>\n<p>&nbsp;<\/p>\n<p>&nbsp;<\/p>\n<p><b><i>FRANCISCO LINDEMBERG DA SILVA<\/i><\/b><\/p>\n<p><b><i><\/i><\/b>&nbsp;<\/p>\n<p>Presidente da CPL<\/p>\n<\/div>\n<div class=\"pdfprnt-buttons pdfprnt-buttons-post pdfprnt-bottom-right\"><a href=\"https:\/\/lajes.rn.gov.br\/transparente\/index\/wp-json\/wp\/v2\/posts\/24042?print=pdf\" class=\"pdfprnt-button pdfprnt-button-pdf\" target=\"_blank\" ><img decoding=\"async\" src=\"https:\/\/lajes.rn.gov.br\/transparente\/index\/wp-content\/plugins\/pdf-print\/images\/pdf.png\" alt=\"image_pdf\" title=\"Ver PDF\" \/><\/a><a href=\"https:\/\/lajes.rn.gov.br\/transparente\/index\/wp-json\/wp\/v2\/posts\/24042?print=print\" class=\"pdfprnt-button pdfprnt-button-print\" target=\"_blank\" ><img decoding=\"async\" src=\"https:\/\/lajes.rn.gov.br\/transparente\/index\/wp-content\/plugins\/pdf-print\/images\/print.png\" alt=\"image_print\" title=\"Conte\u00fado de impress\u00e3o\" \/><\/a><\/div>","protected":false},"excerpt":{"rendered":"<p>ESTADO DO RIO GRANDE DO NORTE PREFEITURA MUNICIPAL DE LAJES COMISS\u00c3O PERMANENTE DE LICITA\u00c7\u00c3O &#8211; CPL JULGAMENTO DE RECURSO ADMINISTRATIVO Refer\u00eancia: TOMADA DE PRE\u00c7OS 005\/2022 Objeto:\u00a0Contrata\u00e7\u00e3o de empresa de engenharia especializada para execu\u00e7\u00e3o dos servi\u00e7os de pavimenta\u00e7\u00e3o em paralelep\u00edpedos pelo m\u00e9todo convencional e drenagem superficial das ruas: Ab\u00edlio Torquato de Brito e Manoel Gabriel Filho, [&hellip;]<\/p>\n","protected":false},"author":3,"featured_media":0,"comment_status":"closed","ping_status":"closed","sticky":false,"template":"","format":"standard","meta":{"ocean_post_layout":"","ocean_both_sidebars_style":"","ocean_both_sidebars_content_width":0,"ocean_both_sidebars_sidebars_width":0,"ocean_sidebar":"","ocean_second_sidebar":"","ocean_disable_margins":"enable","ocean_add_body_class":"","ocean_shortcode_before_top_bar":"","ocean_shortcode_after_top_bar":"","ocean_shortcode_before_header":"","ocean_shortcode_after_header":"","ocean_has_shortcode":"","ocean_shortcode_after_title":"","ocean_shortcode_before_footer_widgets":"","ocean_shortcode_after_footer_widgets":"","ocean_shortcode_before_footer_bottom":"","ocean_shortcode_after_footer_bottom":"","ocean_display_top_bar":"default","ocean_display_header":"default","ocean_header_style":"","ocean_center_header_left_menu":"","ocean_custom_header_template":"","ocean_custom_logo":0,"ocean_custom_retina_logo":0,"ocean_custom_logo_max_width":0,"ocean_custom_logo_tablet_max_width":0,"ocean_custom_logo_mobile_max_width":0,"ocean_custom_logo_max_height":0,"ocean_custom_logo_tablet_max_height":0,"ocean_custom_logo_mobile_max_height":0,"ocean_header_custom_menu":"","ocean_menu_typo_font_family":"","ocean_menu_typo_font_subset":"","ocean_menu_typo_font_size":0,"ocean_menu_typo_font_size_tablet":0,"ocean_menu_typo_font_size_mobile":0,"ocean_menu_typo_font_size_unit":"px","ocean_menu_typo_font_weight":"","ocean_menu_typo_font_weight_tablet":"","ocean_menu_typo_font_weight_mobile":"","ocean_menu_typo_transform":"","ocean_menu_typo_transform_tablet":"","ocean_menu_typo_transform_mobile":"","ocean_menu_typo_line_height":0,"ocean_menu_typo_line_height_tablet":0,"ocean_menu_typo_line_height_mobile":0,"ocean_menu_typo_line_height_unit":"","ocean_menu_typo_spacing":0,"ocean_menu_typo_spacing_tablet":0,"ocean_menu_typo_spacing_mobile":0,"ocean_menu_typo_spacing_unit":"","ocean_menu_link_color":"","ocean_menu_link_color_hover":"","ocean_menu_link_color_active":"","ocean_menu_link_background":"","ocean_menu_link_hover_background":"","ocean_menu_link_active_background":"","ocean_menu_social_links_bg":"","ocean_menu_social_hover_links_bg":"","ocean_menu_social_links_color":"","ocean_menu_social_hover_links_color":"","ocean_disable_title":"default","ocean_disable_heading":"default","ocean_post_title":"","ocean_post_subheading":"","ocean_post_title_style":"","ocean_post_title_background_color":"","ocean_post_title_background":0,"ocean_post_title_bg_image_position":"","ocean_post_title_bg_image_attachment":"","ocean_post_title_bg_image_repeat":"","ocean_post_title_bg_image_size":"","ocean_post_title_height":0,"ocean_post_title_bg_overlay":0.5,"ocean_post_title_bg_overlay_color":"","ocean_disable_breadcrumbs":"default","ocean_breadcrumbs_color":"","ocean_breadcrumbs_separator_color":"","ocean_breadcrumbs_links_color":"","ocean_breadcrumbs_links_hover_color":"","ocean_display_footer_widgets":"default","ocean_display_footer_bottom":"default","ocean_custom_footer_template":"","ocean_post_oembed":"","ocean_post_self_hosted_media":"","ocean_post_video_embed":"","ocean_link_format":"","ocean_link_format_target":"self","ocean_quote_format":"","ocean_quote_format_link":"post","ocean_gallery_link_images":"on","ocean_gallery_id":[],"footnotes":""},"categories":[3,92,95,107],"tags":[],"class_list":["post-24042","post","type-post","status-publish","format-standard","hentry","category-licitacao","category-recurso-de-licitacao","category-recurso-de-licitacao-2022","category-tomada-de-preco","entry"],"_links":{"self":[{"href":"https:\/\/lajes.rn.gov.br\/transparente\/index\/wp-json\/wp\/v2\/posts\/24042","targetHints":{"allow":["GET"]}}],"collection":[{"href":"https:\/\/lajes.rn.gov.br\/transparente\/index\/wp-json\/wp\/v2\/posts"}],"about":[{"href":"https:\/\/lajes.rn.gov.br\/transparente\/index\/wp-json\/wp\/v2\/types\/post"}],"author":[{"embeddable":true,"href":"https:\/\/lajes.rn.gov.br\/transparente\/index\/wp-json\/wp\/v2\/users\/3"}],"replies":[{"embeddable":true,"href":"https:\/\/lajes.rn.gov.br\/transparente\/index\/wp-json\/wp\/v2\/comments?post=24042"}],"version-history":[{"count":1,"href":"https:\/\/lajes.rn.gov.br\/transparente\/index\/wp-json\/wp\/v2\/posts\/24042\/revisions"}],"predecessor-version":[{"id":24043,"href":"https:\/\/lajes.rn.gov.br\/transparente\/index\/wp-json\/wp\/v2\/posts\/24042\/revisions\/24043"}],"wp:attachment":[{"href":"https:\/\/lajes.rn.gov.br\/transparente\/index\/wp-json\/wp\/v2\/media?parent=24042"}],"wp:term":[{"taxonomy":"category","embeddable":true,"href":"https:\/\/lajes.rn.gov.br\/transparente\/index\/wp-json\/wp\/v2\/categories?post=24042"},{"taxonomy":"post_tag","embeddable":true,"href":"https:\/\/lajes.rn.gov.br\/transparente\/index\/wp-json\/wp\/v2\/tags?post=24042"}],"curies":[{"name":"wp","href":"https:\/\/api.w.org\/{rel}","templated":true}]}}