{"id":23719,"date":"2022-07-28T10:44:01","date_gmt":"2022-07-28T13:44:01","guid":{"rendered":"https:\/\/lajes.rn.gov.br\/transparente\/index\/?p=23719"},"modified":"2023-03-01T10:27:34","modified_gmt":"2023-03-01T13:27:34","slug":"julgamento-de-recurso-administrativo-tomada-de-precos-no-05-2022","status":"publish","type":"post","link":"https:\/\/lajes.rn.gov.br\/transparente\/index\/julgamento-de-recurso-administrativo-tomada-de-precos-no-05-2022\/","title":{"rendered":"JULGAMENTO DE RECURSO ADMINISTRATIVO TOMADA DE PRE\u00c7OS N\u00ba 05\/2022"},"content":{"rendered":"<div id=\"separador\" class=\"cabecalhoEstadoSeparador cabecalhoEstadoSeparador1\">\n<p style=\"text-align: center;\"><strong>ESTADO DO RIO GRANDE DO NORTE<\/strong><br \/>\n<strong>PREFEITURA MUNICIPAL DE LAJES<\/strong><\/p>\n<\/div>\n<p class=\"cabecaorgao\" style=\"text-align: center;\"><strong>COMISS\u00c3O PERMANENTE DE LICITA\u00c7\u00c3O &#8211; CPL<\/strong><\/p>\n<hr \/>\n<div id=\"materia\" class=\"materia materia20091123 materia1\">\n<p>JULGAMENTO DE RECURSO ADMINISTRATIVO<\/p>\n<div class=\"mat\"><\/div>\n<p><b>TOMADA DE PRE\u00c7OS N\u00ba 05\/2022<\/b><\/p>\n<p><b>Processo Administrativo n\u00ba 608\/2022<\/b><\/p>\n<p>&nbsp;<\/p>\n<p><b>Objeto: CONTRATA\u00c7\u00c3O DE EMPRESA DE ENGENHARIA ESPECIALIZADA PARA EXECU\u00c7\u00c3O DOS SERVI\u00c7OS DE PAVIMENTA\u00c7\u00c3O EM PARALELEP\u00cdPEDOS PELO M\u00c9TODO CONVENCIONAL E DRENAGEM SUPERFICIAL DAS RUAS: AB\u00cdLIO TORQUATO DE BRITO E MANOEL GABRIEL FILHO, COHAB, LAJES\/RN<\/b><\/p>\n<p>&nbsp;<\/p>\n<p><b>Recorrente: SAULO VARELA CALDAS EIRELI, CNPJ n\u00ba 32.484.218\/0001-55<\/b><\/p>\n<p>&nbsp;<\/p>\n<p>Trata-se de Recurso Administrativo interposto pela empresa\u00a0<b>SAULO VARELA CALDAS EIRELI, CNPJ n\u00ba 32.484.218\/0001-55<\/b>, com fundamento no item 13 do Edital da Tomada de Pre\u00e7os em Ep\u00edgrafe, respaldado no art. 109 na Lei Federal n.\u00ba 8.666\/93, em face da decis\u00e3o da Comiss\u00e3o Permanente de Licita\u00e7\u00f5es a declarou\u00a0<b>INABILITADA,\u00a0<\/b>ap\u00f3s a an\u00e1lise de sua documenta\u00e7\u00e3o de habilita\u00e7\u00e3o.<\/p>\n<p><b>1.\u00a0<\/b><b>DA TEMPESTIVIDADE<\/b><\/p>\n<p>Verifica-se a tempestividade e a regularidade do recurso interposto pela empresa recorrente, uma vez que o referido recurso foi apresentado, dentro do prazo estabelecido no art. 109, da Lei Federal 8.666\/93.<\/p>\n<p>&nbsp;<\/p>\n<p><b>2.\u00a0<\/b><b>DAS FORMALIDADES LEGAIS<\/b><\/p>\n<p>Cumprida as formalidades legais, registra-se que foram cientificados todos os demais licitantes participantes da exist\u00eancia e tramita\u00e7\u00e3o do respectivo Recurso Administrativo interposto, abrindo-lhes vistas \u00e0 apresenta\u00e7\u00e3o de contrarraz\u00f5es.<\/p>\n<p>&nbsp;<\/p>\n<p><b>3.\u00a0<\/b><b>DO RELAT\u00d3RIO<\/b><\/p>\n<p>Durante a an\u00e1lise dos documentos de habilita\u00e7\u00e3o, a Comiss\u00e3o Permanente de Licita\u00e7\u00f5es julgou INABILITADA a empresa\u00a0<b>SAULO VARELA CALDAS EIRELI, CNPJ n\u00ba 32.484.218\/0001-55<\/b>, pelo seguinte motivo:<\/p>\n<p><b>\u201c<\/b><b>SAULO VARELA CALDAS EIRELI, CNPJ n\u00ba 21.268.253\/0001-10<\/b>, por deixar de apresentar a Declara\u00e7\u00e3o de inexist\u00eancia de parentesco, exigida na al\u00ednea C do item 8.2.5 do edital, direcionada a Prefeitura Municipal de Lajes, tendo em seu alugar apresentado declara\u00e7\u00e3o direcionada a Prefeitura de Pedro Avelino\/RN\u201d<\/p>\n<p>Ap\u00f3s a publica\u00e7\u00e3o do resultado do julgamento da habilita\u00e7\u00e3o na impressa oficial do Munic\u00edpio, a recorrente enviou seu recurso administrativo contra a decis\u00e3o da CPL, e sendo os demais licitantes cientificados para que, houvesse interesse, fosse apresentadas contrarraz\u00f5es ao recurso da recorrente, abrindo-se o prazo de cinco dias uteis para apresenta\u00e7\u00e3o das contrarraz\u00f5es, transcorrido o prazo supracitado, n\u00e3o houve impugna\u00e7\u00e3o ao recurso.<\/p>\n<p>Assim, o Presidente remeteu os autos do processo em tela para que a Assessoria Jur\u00eddica se manifestasse, por meio de parecer jur\u00eddico, sobre as razoes apresentadas pela recorrente.<\/p>\n<p>\u00c9 o relat\u00f3rio.<\/p>\n<p><b>4.\u00a0<\/b><b>DAS RAZ\u00d5ES DA RECORRENTE<\/b><\/p>\n<p>Em apertada s\u00edntese, a recorrente insurge-se contra a decis\u00e3o da CPL alegando que a o fato da declara\u00e7\u00e3o conter o nome de outra cidade, trata-se de erro formal, que em afeta a lisura da mesma, uma vez que todo o restante da documenta\u00e7\u00e3o apresentada est\u00e1 direcionada ao Munic\u00edpio de Lajes\/RN.<\/p>\n<p>&nbsp;<\/p>\n<p><b>5.\u00a0<\/b><b>DA AN\u00c1LISE<\/b><\/p>\n<p>Preliminarmente, frise-se que esta Comiss\u00e3o realizou a an\u00e1lise da documenta\u00e7\u00e3o de habilita\u00e7\u00e3o dos licitantes sob luz dos diplomas legais vigentes, bem como foi observada todas a exig\u00eancias contidas no edital do certame epigrafado.<\/p>\n<p>&nbsp;<\/p>\n<p>Assim, como a certid\u00e3o em comento n\u00e3o havia nenhuma men\u00e7\u00e3o ao munic\u00edpio de Lajes a Comiss\u00e3o optou por inabilitar a recorrente.<\/p>\n<p>&nbsp;<\/p>\n<p>Ocorre que a jurisprud\u00eancia ensina que, durante o julgamento dos documentos de habilita\u00e7\u00e3o, seja utilizado do formalismo moderado, quando os erros contidos nos documentos n\u00e3o prejudicarem a sua ess\u00eancia.<\/p>\n<p>Assim, considerando que o princ\u00edpio da autotutela estabelece que a Administra\u00e7\u00e3o P\u00fablica possui o poder de controlar os pr\u00f3prios atos, anulando-os quando ilegais ou revogando-os quando inconvenientes ou inoportunos. N\u00e3o necessitando a Administra\u00e7\u00e3o recorrer ao Poder Judici\u00e1rio para corrigir os seus atos, podendo faz\u00ea-lo diretamente.<\/p>\n<p>&nbsp;<\/p>\n<p>Trata-se, portanto, de um poder\/dever, ou seja, uma obriga\u00e7\u00e3o. Dessa forma, o controle de legalidade, em decorr\u00eancia da autotutela, pode ser realizado independentemente de provoca\u00e7\u00e3o, pois se trata de um poder\/dever de of\u00edcio da Administra\u00e7\u00e3o.<\/p>\n<p><b>6.\u00a0<\/b><b>DA CONCLUS\u00c3O<\/b><\/p>\n<p>Desta forma, diante do exposto acima, e com fundamento nos princ\u00edpios Constitucionais da Legalidade, da Impessoalidade, da Moralidade, da Publicidade e da Efici\u00eancia, assim como os correlatos, da vincula\u00e7\u00e3o ao instrumento convocat\u00f3rio, do julgamento Objetivo e a sele\u00e7\u00e3o da proposta mais vantajosa para a Administra\u00e7\u00e3o e em todos os atos at\u00e9 ent\u00e3o praticados, DECIDO em conhecer do recurso para no m\u00e9rito julg\u00e1-lo\u00a0<b>totalmente PROCEDENTE<\/b>, reformando a decis\u00e3o que tornou inabilitada a empresa\u00a0<b>SAULO VARELA CALDAS EIRELI, CNPJ n\u00ba 32.484.218\/0001-55<\/b>, torando-a\u00a0<b>HABILITADA.<\/b><\/p>\n<p>&nbsp;<\/p>\n<p>Lajes\/RN, 28 de julho de 2022.<\/p>\n<p>&nbsp;<\/p>\n<p>&nbsp;<\/p>\n<p><b><i>FRANCISCO LINDEMBERG DA SILVA<\/i><\/b><\/p>\n<p><b><i><\/i><\/b>&nbsp;<\/p>\n<p>Presidente da CPL<\/p>\n<\/div>\n<div class=\"pdfprnt-buttons pdfprnt-buttons-post pdfprnt-bottom-right\"><a href=\"https:\/\/lajes.rn.gov.br\/transparente\/index\/wp-json\/wp\/v2\/posts\/23719?print=pdf\" class=\"pdfprnt-button pdfprnt-button-pdf\" target=\"_blank\" ><img decoding=\"async\" src=\"https:\/\/lajes.rn.gov.br\/transparente\/index\/wp-content\/plugins\/pdf-print\/images\/pdf.png\" alt=\"image_pdf\" title=\"Ver PDF\" \/><\/a><a href=\"https:\/\/lajes.rn.gov.br\/transparente\/index\/wp-json\/wp\/v2\/posts\/23719?print=print\" class=\"pdfprnt-button pdfprnt-button-print\" target=\"_blank\" ><img decoding=\"async\" src=\"https:\/\/lajes.rn.gov.br\/transparente\/index\/wp-content\/plugins\/pdf-print\/images\/print.png\" alt=\"image_print\" title=\"Conte\u00fado de impress\u00e3o\" \/><\/a><\/div>","protected":false},"excerpt":{"rendered":"<p>ESTADO DO RIO GRANDE DO NORTE PREFEITURA MUNICIPAL DE LAJES COMISS\u00c3O PERMANENTE DE LICITA\u00c7\u00c3O &#8211; CPL JULGAMENTO DE RECURSO ADMINISTRATIVO TOMADA DE PRE\u00c7OS N\u00ba 05\/2022 Processo Administrativo n\u00ba 608\/2022 &nbsp; Objeto: CONTRATA\u00c7\u00c3O DE EMPRESA DE ENGENHARIA ESPECIALIZADA PARA EXECU\u00c7\u00c3O DOS SERVI\u00c7OS DE PAVIMENTA\u00c7\u00c3O EM PARALELEP\u00cdPEDOS PELO M\u00c9TODO CONVENCIONAL E DRENAGEM SUPERFICIAL DAS RUAS: AB\u00cdLIO TORQUATO [&hellip;]<\/p>\n","protected":false},"author":3,"featured_media":0,"comment_status":"closed","ping_status":"closed","sticky":false,"template":"","format":"standard","meta":{"ocean_post_layout":"","ocean_both_sidebars_style":"","ocean_both_sidebars_content_width":0,"ocean_both_sidebars_sidebars_width":0,"ocean_sidebar":"","ocean_second_sidebar":"","ocean_disable_margins":"enable","ocean_add_body_class":"","ocean_shortcode_before_top_bar":"","ocean_shortcode_after_top_bar":"","ocean_shortcode_before_header":"","ocean_shortcode_after_header":"","ocean_has_shortcode":"","ocean_shortcode_after_title":"","ocean_shortcode_before_footer_widgets":"","ocean_shortcode_after_footer_widgets":"","ocean_shortcode_before_footer_bottom":"","ocean_shortcode_after_footer_bottom":"","ocean_display_top_bar":"default","ocean_display_header":"default","ocean_header_style":"","ocean_center_header_left_menu":"","ocean_custom_header_template":"","ocean_custom_logo":0,"ocean_custom_retina_logo":0,"ocean_custom_logo_max_width":0,"ocean_custom_logo_tablet_max_width":0,"ocean_custom_logo_mobile_max_width":0,"ocean_custom_logo_max_height":0,"ocean_custom_logo_tablet_max_height":0,"ocean_custom_logo_mobile_max_height":0,"ocean_header_custom_menu":"","ocean_menu_typo_font_family":"","ocean_menu_typo_font_subset":"","ocean_menu_typo_font_size":0,"ocean_menu_typo_font_size_tablet":0,"ocean_menu_typo_font_size_mobile":0,"ocean_menu_typo_font_size_unit":"px","ocean_menu_typo_font_weight":"","ocean_menu_typo_font_weight_tablet":"","ocean_menu_typo_font_weight_mobile":"","ocean_menu_typo_transform":"","ocean_menu_typo_transform_tablet":"","ocean_menu_typo_transform_mobile":"","ocean_menu_typo_line_height":0,"ocean_menu_typo_line_height_tablet":0,"ocean_menu_typo_line_height_mobile":0,"ocean_menu_typo_line_height_unit":"","ocean_menu_typo_spacing":0,"ocean_menu_typo_spacing_tablet":0,"ocean_menu_typo_spacing_mobile":0,"ocean_menu_typo_spacing_unit":"","ocean_menu_link_color":"","ocean_menu_link_color_hover":"","ocean_menu_link_color_active":"","ocean_menu_link_background":"","ocean_menu_link_hover_background":"","ocean_menu_link_active_background":"","ocean_menu_social_links_bg":"","ocean_menu_social_hover_links_bg":"","ocean_menu_social_links_color":"","ocean_menu_social_hover_links_color":"","ocean_disable_title":"default","ocean_disable_heading":"default","ocean_post_title":"","ocean_post_subheading":"","ocean_post_title_style":"","ocean_post_title_background_color":"","ocean_post_title_background":0,"ocean_post_title_bg_image_position":"","ocean_post_title_bg_image_attachment":"","ocean_post_title_bg_image_repeat":"","ocean_post_title_bg_image_size":"","ocean_post_title_height":0,"ocean_post_title_bg_overlay":0.5,"ocean_post_title_bg_overlay_color":"","ocean_disable_breadcrumbs":"default","ocean_breadcrumbs_color":"","ocean_breadcrumbs_separator_color":"","ocean_breadcrumbs_links_color":"","ocean_breadcrumbs_links_hover_color":"","ocean_display_footer_widgets":"default","ocean_display_footer_bottom":"default","ocean_custom_footer_template":"","ocean_post_oembed":"","ocean_post_self_hosted_media":"","ocean_post_video_embed":"","ocean_link_format":"","ocean_link_format_target":"self","ocean_quote_format":"","ocean_quote_format_link":"post","ocean_gallery_link_images":"on","ocean_gallery_id":[],"footnotes":""},"categories":[3,92,95,107],"tags":[],"class_list":["post-23719","post","type-post","status-publish","format-standard","hentry","category-licitacao","category-recurso-de-licitacao","category-recurso-de-licitacao-2022","category-tomada-de-preco","entry"],"_links":{"self":[{"href":"https:\/\/lajes.rn.gov.br\/transparente\/index\/wp-json\/wp\/v2\/posts\/23719","targetHints":{"allow":["GET"]}}],"collection":[{"href":"https:\/\/lajes.rn.gov.br\/transparente\/index\/wp-json\/wp\/v2\/posts"}],"about":[{"href":"https:\/\/lajes.rn.gov.br\/transparente\/index\/wp-json\/wp\/v2\/types\/post"}],"author":[{"embeddable":true,"href":"https:\/\/lajes.rn.gov.br\/transparente\/index\/wp-json\/wp\/v2\/users\/3"}],"replies":[{"embeddable":true,"href":"https:\/\/lajes.rn.gov.br\/transparente\/index\/wp-json\/wp\/v2\/comments?post=23719"}],"version-history":[{"count":1,"href":"https:\/\/lajes.rn.gov.br\/transparente\/index\/wp-json\/wp\/v2\/posts\/23719\/revisions"}],"predecessor-version":[{"id":23720,"href":"https:\/\/lajes.rn.gov.br\/transparente\/index\/wp-json\/wp\/v2\/posts\/23719\/revisions\/23720"}],"wp:attachment":[{"href":"https:\/\/lajes.rn.gov.br\/transparente\/index\/wp-json\/wp\/v2\/media?parent=23719"}],"wp:term":[{"taxonomy":"category","embeddable":true,"href":"https:\/\/lajes.rn.gov.br\/transparente\/index\/wp-json\/wp\/v2\/categories?post=23719"},{"taxonomy":"post_tag","embeddable":true,"href":"https:\/\/lajes.rn.gov.br\/transparente\/index\/wp-json\/wp\/v2\/tags?post=23719"}],"curies":[{"name":"wp","href":"https:\/\/api.w.org\/{rel}","templated":true}]}}