{"id":23711,"date":"2022-07-25T10:36:49","date_gmt":"2022-07-25T13:36:49","guid":{"rendered":"https:\/\/lajes.rn.gov.br\/transparente\/index\/?p=23711"},"modified":"2023-03-01T10:27:34","modified_gmt":"2023-03-01T13:27:34","slug":"julgamento-de-recurso-administrativo-tomada-precos-no-002-2022-2","status":"publish","type":"post","link":"https:\/\/lajes.rn.gov.br\/transparente\/index\/julgamento-de-recurso-administrativo-tomada-precos-no-002-2022-2\/","title":{"rendered":"JULGAMENTO DE RECURSO ADMINISTRATIVO TOMADA PRE\u00c7OS N\u00ba 002\/2022"},"content":{"rendered":"<div id=\"separador\" class=\"cabecalhoEstadoSeparador cabecalhoEstadoSeparador1\">\n<p style=\"text-align: center;\"><strong>ESTADO DO RIO GRANDE DO NORTE<\/strong><br \/>\n<strong>PREFEITURA MUNICIPAL DE LAJES<\/strong><\/p>\n<\/div>\n<p class=\"cabecaorgao\" style=\"text-align: center;\"><strong>COMISS\u00c3O PERMANENTE DE LICITA\u00c7\u00c3O &#8211; CPL<\/strong><\/p>\n<hr \/>\n<div id=\"materia\" class=\"materia materia20091123 materia1\">\n<p>JULGAMENTO DE RECURSO ADMINISTRATIVO<\/p>\n<div class=\"mat\"><\/div>\n<p><b>Refer\u00eancia: TOMADA PRE\u00c7OS N\u00ba 002\/2022<\/b><\/p>\n<p><b>Processo Administrativo n\u00ba 278\/2022<\/b><\/p>\n<p>&nbsp;<\/p>\n<p><b>Objeto: Contrata\u00e7\u00e3o de empresa para a Constru\u00e7\u00e3o de um Ponto de Apoio de Atendimento \u2013 PAA, no assentamento Tr\u00eas de Agosto, do munic\u00edpio de Lajes\/RN.<\/b><\/p>\n<p>&nbsp;<\/p>\n<p><b>Recorrente: WB EMPREENDIMENTOS, SERVICOS E COMERCIO EIRELI, CNPJ N\u00ba 28.240.229\/0001-12<\/b><\/p>\n<p>&nbsp;<\/p>\n<p>Trata-se de Recurso Administrativo interposto pela empresa\u00a0<b>WB EMPREENDIMENTOS, SERVICOS E COMERCIO EIRELI, CNPJ N\u00ba 28.240.229\/0001-12<\/b>, com fundamento no item 13 do Edital da Tomada de Pre\u00e7os em Ep\u00edgrafe, respaldado no art. 109 na Lei Federal n.\u00ba 8.666\/93, em face da decis\u00e3o da Comiss\u00e3o Permanente de Licita\u00e7\u00f5es a declarou\u00a0<b>INABILITADA,\u00a0<\/b>ap\u00f3s a an\u00e1lise de sua documenta\u00e7\u00e3o de habilita\u00e7\u00e3o.<\/p>\n<p><b>1. DA TEMPESTIVIDADE<\/b><\/p>\n<p>Verifica-se a tempestividade e a regularidade do recurso interposto pela empresa recorrente, uma vez que o referido recurso foi enviado via e-mail dentro do prazo estabelecido no art. 109, da Lei Federal 8.666\/93.<\/p>\n<p>&nbsp;<\/p>\n<p><b>2. DAS FORMALIDADES LEGAIS<\/b><\/p>\n<p>Cumprida as formalidades legais, registra-se que foram cientificados todos os demais licitantes participantes da exist\u00eancia e tramita\u00e7\u00e3o do respectivo Recurso Administrativo interposto, abrindo-lhes vistas \u00e0 apresenta\u00e7\u00e3o de contrarraz\u00f5es.<\/p>\n<p>&nbsp;<\/p>\n<p><b>3. DO RELAT\u00d3RIO<\/b><\/p>\n<p>Durante a an\u00e1lise dos documentos de habilita\u00e7\u00e3o, a Comiss\u00e3o Permanente de Licita\u00e7\u00f5es julgou INABILITADA a empresa\u00a0<b>WB EMPREENDIMENTOS, SERVICOS E COMERCIO EIRELI<\/b>, por esta apresentar a c\u00f3pia do contrato de presta\u00e7\u00e3o de servi\u00e7os entre a empresa e seu respons\u00e1vel t\u00e9cnico, exigido no item 8.2.3.2. do edital, sem a devida autentica\u00e7\u00e3o, descumprindo o disposto no item 8.3. do edital.<\/p>\n<p>Em 17\/06\/2022 o resultado do julgamento da habilita\u00e7\u00e3o circulou na impressa oficial do Munic\u00edpio, a recorrente enviou seu recurso administrativo contra a decis\u00e3o de CPL, por email, nesta mesma data. Na data de 20\/06\/2022. foi publicado a inten\u00e7\u00e3o a interposi\u00e7\u00e3o do recurso em comento para que os interessados apresentassem suas raz\u00f5es contra o recurso da recorrente, abrindo-se o prazo de cinco dias uteis para apresenta\u00e7\u00e3o das contrarraz\u00f5es, transcorrido o prazo supracitado, n\u00e3o houve impugna\u00e7\u00e3o ao recurso.<\/p>\n<p>Assim, o Presidente remeteu os autos do processo em tela para que a Assessoria Jur\u00eddica se manifestasse, por meio de parecer jur\u00eddico, sobre as razoes apresentadas pela recorrente.<\/p>\n<p>\u00c9 o relat\u00f3rio.<\/p>\n<p><b>4. DAS RAZ\u00d5ES DA RECORRENTE<\/b><\/p>\n<p>Insurge-se a recorrente contra a decis\u00e3o da Comiss\u00e3o Permanente de Licita\u00e7\u00f5es com as seguintes alega\u00e7\u00f5es:<\/p>\n<p><i>\u201cCaso a comiss\u00e3o n\u00e3o conseguisse realizar os procedimentos [de autentica\u00e7\u00e3o do documento], poderia ter aberto dilig\u00eancia para verificar junto a empresa.\u201d<\/i><\/p>\n<p>&nbsp;<\/p>\n<p><b>5. DA AN\u00c1LISE<\/b><\/p>\n<p>A decis\u00e3o prolatada pela CPL foi balizada pelo item 8.3. do edital do certame, onde o mesmo assevera que:<\/p>\n<p>\u201c8.3. Os documentos relativos \u00e0 habilita\u00e7\u00e3o, mencionados neste edital, dever\u00e3o ser apresentados dentro do ENVELOPE N\u00b0 01 &#8211; \u201cDOCUMENTA\u00c7\u00c3O\u201d devendo estes serem apresentados em original, ou por qualquer processo de c\u00f3pia autenticada por cart\u00f3rio competente ou por servidor da Administra\u00e7\u00e3o, mediante a apresenta\u00e7\u00e3o do original\u201d<\/p>\n<p>Destaque-se que tal exig\u00eancia visa cumprir o disposto no Art.32. da Lei 8.666\/93, a qual determina que:<\/p>\n<p>\u201cArt.32. Os documentos necess\u00e1rios \u00e0 habilita\u00e7\u00e3o poder\u00e3o ser apresentados em original, por qualquer processo de c\u00f3pia autenticada por cart\u00f3rio competente ou por servidor da administra\u00e7\u00e3o ou publica\u00e7\u00e3o em \u00f3rg\u00e3o da imprensa oficial.(Reda\u00e7\u00e3o dada pela Lei n\u00ba 8.883, de 1994)\u201d<\/p>\n<p>Outro sim, a decis\u00e3o de inabilitar a empresa, se deu em virtude da impossibilidade de aferi\u00e7\u00e3o da autenticidade, por meio eletr\u00f4nico do documento em comento.<\/p>\n<p>Desse modo, ap\u00f3s a interposi\u00e7\u00e3o do recurso administrativo pela recorrente, este Presidente remeteu os autos do processo para a assessoria jur\u00eddica, para que esta emitisse parecer t\u00e9cnico a respeito do tema.<\/p>\n<p>Assim, dentre as raz\u00f5es posta no parecer jur\u00eddico da egr\u00e9gia assessoria jur\u00eddica, destacamos a seguinte:<\/p>\n<p>\u201c<i>qualquer tipo de d\u00favida da Comiss\u00e3o em rela\u00e7\u00e3o \u00e0 autenticidade de documentos pode ser sanado atrav\u00e9s de dilig\u00eancia, inclusive estando presente no artigo 43, \u00a73\u00ba da Lei 8.666\/93, bem como sendo recomendada pelos \u00f3rg\u00e3os de controle, visando sempre se adequar \u00e0 ideia do formalismo moderado, atendendo ao interesse p\u00fablico atrav\u00e9s da melhor proposta apresentada<\/i>.\u201d<\/p>\n<p>Ainda sobre o tema, destacamos a jurisprud\u00eancia em um de seu julgados:<\/p>\n<p>&nbsp;<\/p>\n<p><i>\u201c<\/i>GRUPO I \u2013 CLASSE I \u2013 Plen\u00e1rio<\/p>\n<p>TC 009.489\/2016-9<\/p>\n<p>Natureza: Pedido de Reexame (em Representa\u00e7\u00e3o)<\/p>\n<p>Recorrentes: Arlindo Jos\u00e9 Vogel (assessor jur\u00eddico do munic\u00edpio); Jos\u00e9 Guilherme de Amorim, Joedson Amaral de Oliveira e Pablo Junior Gon\u00e7ales (membros da CPL)<\/p>\n<p>Unidade: Prefeitura Municipal de Vera\/MT<\/p>\n<p>SUM\u00c1RIO: REPRESENTA\u00c7\u00c3O. TOMADA DE PRE\u00c7OS. EXIG\u00caNCIA DE AUTENTICA\u00c7\u00c3O. DOCUMENTA\u00c7\u00c3O ORIGINAL APRESENTADA. INABILITA\u00c7\u00c3O IRREGULAR. CL\u00c1USULAS RESTRITIVAS \u00c0 COMPETI\u00c7\u00c3O. MULTA. PEDIDOS DE REEXAME. CONHECIMENTO. ARGUMENTA\u00c7\u00c3O INCAPAZ DE AFASTAR A IRREGULARIDADE. NEGADO PROVIMENTO.<\/p>\n<p><i>[&#8230;]<\/i><\/p>\n<p><i>Se houvesse alguma d\u00favida quanto \u00e0 autenticidade dos documentos apresentados para comprovar a habilita\u00e7\u00e3o das empresas em disputa, os respons\u00e1veis pela condu\u00e7\u00e3o do certame deveriam promover dilig\u00eancias para aclarar os fatos e confirmar o conte\u00fado dos documentos que serviriam de base para a tomada de decis\u00e3o da Administra\u00e7\u00e3o (art. 43, \u00a7 3\u00ba, da Lei 8.666\/1993), e n\u00e3o desclassificar sumariamente a participante da licita\u00e7\u00e3o.\u201d<\/i><\/p>\n<p>&nbsp;<\/p>\n<p><b>6. DA CONCLUS\u00c3O<\/b><\/p>\n<p>Desta forma, diante do exposto acima, e com fundamento nos princ\u00edpios Constitucionais da Legalidade, da Impessoalidade, da Moralidade, da Publicidade e da Efici\u00eancia, assim como os correlatos, da vincula\u00e7\u00e3o ao instrumento convocat\u00f3rio, do julgamento Objetivo e a sele\u00e7\u00e3o da proposta mais vantajosa para a Administra\u00e7\u00e3o e em todos os atos at\u00e9 ent\u00e3o praticados, DECIDO em conhecer do recurso para no m\u00e9rito julg\u00e1-lo\u00a0<b>PARCIALMENTE<\/b>\u00a0<b>PROCEDENTE<\/b>, condicionando a REFORMA DA DECIS\u00c3O que inabilitou a licitante\u00a0<b>WB EMPREENDIMENTOS, SERVICOS E COMERCIO EIRELI<\/b>, a seguinte condi\u00e7\u00e3o:<\/p>\n<p>Fica a empresa\u00a0<b>WB EMPREENDIMENTOS, SERVICOS E COMERCIO EIRELI,\u00a0<\/b>convocada, at\u00e9 as 17h (dezessete horas) do dia 28\/07\/2022, a apresentar a via original do contrato de presta\u00e7\u00e3o de servi\u00e7os entre a empresa e seu respons\u00e1vel t\u00e9cnico, para a devida autentica\u00e7\u00e3o da c\u00f3pia apresentada no processo em comento.<\/p>\n<p>&nbsp;<\/p>\n<p>Lajes\/RN, 25 de julho de 2022.<\/p>\n<p>&nbsp;<\/p>\n<p>&nbsp;<\/p>\n<p><b><i>FRANCISCO LINDEMBERG DA SILVA<\/i><\/b><\/p>\n<p><b><i><\/i><\/b>&nbsp;<\/p>\n<p>Presidente da CPL<\/p>\n<\/div>\n<div class=\"pdfprnt-buttons pdfprnt-buttons-post pdfprnt-bottom-right\"><a href=\"https:\/\/lajes.rn.gov.br\/transparente\/index\/wp-json\/wp\/v2\/posts\/23711?print=pdf\" class=\"pdfprnt-button pdfprnt-button-pdf\" target=\"_blank\" ><img decoding=\"async\" src=\"https:\/\/lajes.rn.gov.br\/transparente\/index\/wp-content\/plugins\/pdf-print\/images\/pdf.png\" alt=\"image_pdf\" title=\"Ver PDF\" \/><\/a><a href=\"https:\/\/lajes.rn.gov.br\/transparente\/index\/wp-json\/wp\/v2\/posts\/23711?print=print\" class=\"pdfprnt-button pdfprnt-button-print\" target=\"_blank\" ><img decoding=\"async\" src=\"https:\/\/lajes.rn.gov.br\/transparente\/index\/wp-content\/plugins\/pdf-print\/images\/print.png\" alt=\"image_print\" title=\"Conte\u00fado de impress\u00e3o\" \/><\/a><\/div>","protected":false},"excerpt":{"rendered":"<p>ESTADO DO RIO GRANDE DO NORTE PREFEITURA MUNICIPAL DE LAJES COMISS\u00c3O PERMANENTE DE LICITA\u00c7\u00c3O &#8211; CPL JULGAMENTO DE RECURSO ADMINISTRATIVO Refer\u00eancia: TOMADA PRE\u00c7OS N\u00ba 002\/2022 Processo Administrativo n\u00ba 278\/2022 &nbsp; Objeto: Contrata\u00e7\u00e3o de empresa para a Constru\u00e7\u00e3o de um Ponto de Apoio de Atendimento \u2013 PAA, no assentamento Tr\u00eas de Agosto, do munic\u00edpio de Lajes\/RN. [&hellip;]<\/p>\n","protected":false},"author":3,"featured_media":0,"comment_status":"closed","ping_status":"closed","sticky":false,"template":"","format":"standard","meta":{"ocean_post_layout":"","ocean_both_sidebars_style":"","ocean_both_sidebars_content_width":0,"ocean_both_sidebars_sidebars_width":0,"ocean_sidebar":"","ocean_second_sidebar":"","ocean_disable_margins":"enable","ocean_add_body_class":"","ocean_shortcode_before_top_bar":"","ocean_shortcode_after_top_bar":"","ocean_shortcode_before_header":"","ocean_shortcode_after_header":"","ocean_has_shortcode":"","ocean_shortcode_after_title":"","ocean_shortcode_before_footer_widgets":"","ocean_shortcode_after_footer_widgets":"","ocean_shortcode_before_footer_bottom":"","ocean_shortcode_after_footer_bottom":"","ocean_display_top_bar":"default","ocean_display_header":"default","ocean_header_style":"","ocean_center_header_left_menu":"","ocean_custom_header_template":"","ocean_custom_logo":0,"ocean_custom_retina_logo":0,"ocean_custom_logo_max_width":0,"ocean_custom_logo_tablet_max_width":0,"ocean_custom_logo_mobile_max_width":0,"ocean_custom_logo_max_height":0,"ocean_custom_logo_tablet_max_height":0,"ocean_custom_logo_mobile_max_height":0,"ocean_header_custom_menu":"","ocean_menu_typo_font_family":"","ocean_menu_typo_font_subset":"","ocean_menu_typo_font_size":0,"ocean_menu_typo_font_size_tablet":0,"ocean_menu_typo_font_size_mobile":0,"ocean_menu_typo_font_size_unit":"px","ocean_menu_typo_font_weight":"","ocean_menu_typo_font_weight_tablet":"","ocean_menu_typo_font_weight_mobile":"","ocean_menu_typo_transform":"","ocean_menu_typo_transform_tablet":"","ocean_menu_typo_transform_mobile":"","ocean_menu_typo_line_height":0,"ocean_menu_typo_line_height_tablet":0,"ocean_menu_typo_line_height_mobile":0,"ocean_menu_typo_line_height_unit":"","ocean_menu_typo_spacing":0,"ocean_menu_typo_spacing_tablet":0,"ocean_menu_typo_spacing_mobile":0,"ocean_menu_typo_spacing_unit":"","ocean_menu_link_color":"","ocean_menu_link_color_hover":"","ocean_menu_link_color_active":"","ocean_menu_link_background":"","ocean_menu_link_hover_background":"","ocean_menu_link_active_background":"","ocean_menu_social_links_bg":"","ocean_menu_social_hover_links_bg":"","ocean_menu_social_links_color":"","ocean_menu_social_hover_links_color":"","ocean_disable_title":"default","ocean_disable_heading":"default","ocean_post_title":"","ocean_post_subheading":"","ocean_post_title_style":"","ocean_post_title_background_color":"","ocean_post_title_background":0,"ocean_post_title_bg_image_position":"","ocean_post_title_bg_image_attachment":"","ocean_post_title_bg_image_repeat":"","ocean_post_title_bg_image_size":"","ocean_post_title_height":0,"ocean_post_title_bg_overlay":0.5,"ocean_post_title_bg_overlay_color":"","ocean_disable_breadcrumbs":"default","ocean_breadcrumbs_color":"","ocean_breadcrumbs_separator_color":"","ocean_breadcrumbs_links_color":"","ocean_breadcrumbs_links_hover_color":"","ocean_display_footer_widgets":"default","ocean_display_footer_bottom":"default","ocean_custom_footer_template":"","ocean_post_oembed":"","ocean_post_self_hosted_media":"","ocean_post_video_embed":"","ocean_link_format":"","ocean_link_format_target":"self","ocean_quote_format":"","ocean_quote_format_link":"post","ocean_gallery_link_images":"on","ocean_gallery_id":[],"footnotes":""},"categories":[3,92,95,107],"tags":[],"class_list":["post-23711","post","type-post","status-publish","format-standard","hentry","category-licitacao","category-recurso-de-licitacao","category-recurso-de-licitacao-2022","category-tomada-de-preco","entry"],"_links":{"self":[{"href":"https:\/\/lajes.rn.gov.br\/transparente\/index\/wp-json\/wp\/v2\/posts\/23711","targetHints":{"allow":["GET"]}}],"collection":[{"href":"https:\/\/lajes.rn.gov.br\/transparente\/index\/wp-json\/wp\/v2\/posts"}],"about":[{"href":"https:\/\/lajes.rn.gov.br\/transparente\/index\/wp-json\/wp\/v2\/types\/post"}],"author":[{"embeddable":true,"href":"https:\/\/lajes.rn.gov.br\/transparente\/index\/wp-json\/wp\/v2\/users\/3"}],"replies":[{"embeddable":true,"href":"https:\/\/lajes.rn.gov.br\/transparente\/index\/wp-json\/wp\/v2\/comments?post=23711"}],"version-history":[{"count":1,"href":"https:\/\/lajes.rn.gov.br\/transparente\/index\/wp-json\/wp\/v2\/posts\/23711\/revisions"}],"predecessor-version":[{"id":23712,"href":"https:\/\/lajes.rn.gov.br\/transparente\/index\/wp-json\/wp\/v2\/posts\/23711\/revisions\/23712"}],"wp:attachment":[{"href":"https:\/\/lajes.rn.gov.br\/transparente\/index\/wp-json\/wp\/v2\/media?parent=23711"}],"wp:term":[{"taxonomy":"category","embeddable":true,"href":"https:\/\/lajes.rn.gov.br\/transparente\/index\/wp-json\/wp\/v2\/categories?post=23711"},{"taxonomy":"post_tag","embeddable":true,"href":"https:\/\/lajes.rn.gov.br\/transparente\/index\/wp-json\/wp\/v2\/tags?post=23711"}],"curies":[{"name":"wp","href":"https:\/\/api.w.org\/{rel}","templated":true}]}}