{"id":23124,"date":"2022-09-30T11:35:56","date_gmt":"2022-09-30T14:35:56","guid":{"rendered":"https:\/\/lajes.rn.gov.br\/transparente\/index\/?p=23124"},"modified":"2023-03-19T07:56:35","modified_gmt":"2023-03-19T10:56:35","slug":"rgf-anexo-i-2o-quadrimestre-republicacao-por-incorrecao","status":"publish","type":"post","link":"https:\/\/lajes.rn.gov.br\/transparente\/index\/rgf-anexo-i-2o-quadrimestre-republicacao-por-incorrecao\/","title":{"rendered":"RGF &#8211; ANEXO I &#8211;  2\u00ba Quadrimestre &#8211; REPUBLICA\u00c7\u00c3O POR INCORRE\u00c7\u00c3O"},"content":{"rendered":"<div id=\"separador\" class=\"cabecalhoEstadoSeparador cabecalhoEstadoSeparador3\">\n<p style=\"text-align: center;\"><strong>ESTADO DO RIO GRANDE DO NORTE<\/strong><br \/>\n<strong>PREFEITURA MUNICIPAL DE LAJES<\/strong><\/p>\n<\/div>\n<p class=\"cabecaorgao\" style=\"text-align: center;\"><strong>GABINETE DO PREFEITO<\/strong><\/p>\n<hr \/>\n<div id=\"materia\" class=\"materia materia20091123 materia3\">\n<p>ANEXO I RGF &#8211; REPUBLICA\u00c7\u00c3O POR INCORRE\u00c7\u00c3O<\/p>\n<div class=\"mat\"><\/div>\n<table class=\"mat\" border=\"1\" cellspacing=\"0\" cellpadding=\"0\" align=\"left\">\n<tbody>\n<tr>\n<td colspan=\"15\">Sistema Or\u00e7ament\u00e1rio, Financeiro e Cont\u00e1bil<\/td>\n<\/tr>\n<tr>\n<td colspan=\"14\"><b>Relat\u00f3rio de Gest\u00e3o Fiscal &#8211; Demonstrativo Consolidado da Despesa com Pessoal<\/b><\/td>\n<td>Exerc\u00edcio:\u00a0<b>2022<\/b><\/td>\n<\/tr>\n<tr>\n<td colspan=\"15\"><b>Bimestre: JULHO-AGOSTO\/2022<\/b><\/td>\n<\/tr>\n<tr>\n<td colspan=\"15\">RGF &#8211; Anexo 1 (LRF, art 55, inciso I, al\u00ednea &#8220;a&#8221;)<\/td>\n<\/tr>\n<tr>\n<td rowspan=\"3\">Despesas Com Pessoal<\/td>\n<td colspan=\"14\">Despesas Executadas (\u00faltimos 12 meses)<\/td>\n<\/tr>\n<tr>\n<td colspan=\"13\">Liquidadas<\/td>\n<td rowspan=\"2\">Inscritas em Restos a pagar n\u00e3o processados<\/td>\n<\/tr>\n<tr>\n<td>09\/2021<\/td>\n<td>10\/2021<\/td>\n<td>11\/2021<\/td>\n<td>12\/2021<\/td>\n<td>01\/2022<\/td>\n<td>02\/2022<\/td>\n<td>03\/2022<\/td>\n<td>04\/2022<\/td>\n<td>05\/2022<\/td>\n<td>06\/2022<\/td>\n<td>07\/2022<\/td>\n<td>08\/2022<\/td>\n<td>Total (\u00daltimos 12 meses) (a)<\/td>\n<\/tr>\n<tr>\n<td>Despesa Bruta Com Pessoal (I)<\/td>\n<td>1.838.347,09<\/td>\n<td>1.747.630,91<\/td>\n<td>1.803.325,68<\/td>\n<td>3.650.474,27<\/td>\n<td>1.737.335,81<\/td>\n<td>1.907.114,70<\/td>\n<td>2.032.779,55<\/td>\n<td>1.975.962,65<\/td>\n<td>2.004.034,66<\/td>\n<td>2.771.059,92<\/td>\n<td>2.175.986,90<\/td>\n<td>2.128.563,36<\/td>\n<td>25.772.615,50<\/td>\n<td>0,00<\/td>\n<\/tr>\n<tr>\n<td>Pessoal Ativo<\/td>\n<td>1.573.417,76<\/td>\n<td>1.474.124,33<\/td>\n<td>1.526.833,84<\/td>\n<td>3.335.107,00<\/td>\n<td>1.463.471,22<\/td>\n<td>1.486.096,00<\/td>\n<td>1.671.184,71<\/td>\n<td>1.627.066,61<\/td>\n<td>1.655.138,62<\/td>\n<td>2.244.665,55<\/td>\n<td>1.823.256,86<\/td>\n<td>1.777.601,52<\/td>\n<td>21.657.964,02<\/td>\n<td>0,00<\/td>\n<\/tr>\n<tr>\n<td>Vencimentos, Vantagens e Outras Despesas Vari\u00e1veis<\/td>\n<td>1.207.650,07<\/td>\n<td>1.202.079,65<\/td>\n<td>1.251.072,80<\/td>\n<td>1.860.380,96<\/td>\n<td>1.188.185,50<\/td>\n<td>1.470.094,56<\/td>\n<td>1.316.412,74<\/td>\n<td>1.311.166,67<\/td>\n<td>1.334.247,64<\/td>\n<td>1.922.321,19<\/td>\n<td>1.492.594,65<\/td>\n<td>1.422.123,88<\/td>\n<td>16.978.330,31<\/td>\n<td>0,00<\/td>\n<\/tr>\n<tr>\n<td>Obriga\u00e7\u00f5es Patronais<\/td>\n<td>365.767,69<\/td>\n<td>272.044,68<\/td>\n<td>275.761,04<\/td>\n<td>1.474.726,04<\/td>\n<td>275.285,72<\/td>\n<td>16.001,44<\/td>\n<td>354.771,97<\/td>\n<td>315.899,94<\/td>\n<td>320.890,98<\/td>\n<td>322.344,36<\/td>\n<td>330.662,21<\/td>\n<td>355.477,64<\/td>\n<td>4.679.633,71<\/td>\n<td>0,00<\/td>\n<\/tr>\n<tr>\n<td>Pessoal Inativo e Pensionistas<\/td>\n<td>264.929,33<\/td>\n<td>273.506,58<\/td>\n<td>276.491,84<\/td>\n<td>315.367,27<\/td>\n<td>273.864,59<\/td>\n<td>421.018,70<\/td>\n<td>361.594,84<\/td>\n<td>348.896,04<\/td>\n<td>348.896,04<\/td>\n<td>526.394,37<\/td>\n<td>352.730,04<\/td>\n<td>350.961,84<\/td>\n<td>4.114.651,48<\/td>\n<td>0,00<\/td>\n<\/tr>\n<tr>\n<td>Aposentadorias, Reserva e Reformas<\/td>\n<td>254.493,28<\/td>\n<td>259.330,53<\/td>\n<td>260.404,74<\/td>\n<td>305.893,49<\/td>\n<td>261.660,54<\/td>\n<td>405.198,88<\/td>\n<td>333.429,71<\/td>\n<td>333.429,71<\/td>\n<td>333.429,71<\/td>\n<td>503.134,91<\/td>\n<td>337.263,71<\/td>\n<td>335.495,51<\/td>\n<td>3.923.164,72<\/td>\n<td>0,00<\/td>\n<\/tr>\n<tr>\n<td>Pens\u00f5es<\/td>\n<td>10.436,05<\/td>\n<td>14.176,05<\/td>\n<td>16.087,10<\/td>\n<td>9.473,78<\/td>\n<td>12.204,05<\/td>\n<td>15.819,82<\/td>\n<td>28.165,13<\/td>\n<td>15.466,33<\/td>\n<td>15.466,33<\/td>\n<td>23.259,46<\/td>\n<td>15.466,33<\/td>\n<td>15.466,33<\/td>\n<td>191.486,76<\/td>\n<td>0,00<\/td>\n<\/tr>\n<tr>\n<td>Outras Despesas de Pessoal decorrentes de contratos de terceiriza\u00e7\u00e3o ou de contrata\u00e7\u00e3o de forma indireta (\u00a71\u00ba do art. 18 da LRF)<\/td>\n<td>0,00<\/td>\n<td>0,00<\/td>\n<td>0,00<\/td>\n<td>0,00<\/td>\n<td>0,00<\/td>\n<td>0,00<\/td>\n<td>0,00<\/td>\n<td>0,00<\/td>\n<td>0,00<\/td>\n<td>0,00<\/td>\n<td>0,00<\/td>\n<td>0,00<\/td>\n<td>0,00<\/td>\n<td>0,00<\/td>\n<\/tr>\n<tr>\n<td>Despesa com Pessoal n\u00e3o Executada Or\u00e7amentariamente<\/td>\n<td>0,00<\/td>\n<td>0,00<\/td>\n<td>0,00<\/td>\n<td>0,00<\/td>\n<td>0,00<\/td>\n<td>0,00<\/td>\n<td>0,00<\/td>\n<td>0,00<\/td>\n<td>0,00<\/td>\n<td>0,00<\/td>\n<td>0,00<\/td>\n<td>0,00<\/td>\n<td>0,00<\/td>\n<td>0,00<\/td>\n<\/tr>\n<tr>\n<td>Despesas N\u00e3o Computadas ( \u00a71\u00ba do art. 19 da LRF) (II)<\/td>\n<td>264.929,33<\/td>\n<td>273.506,58<\/td>\n<td>276.491,84<\/td>\n<td>315.367,27<\/td>\n<td>273.864,59<\/td>\n<td>425.913,15<\/td>\n<td>361.594,84<\/td>\n<td>348.896,04<\/td>\n<td>348.896,04<\/td>\n<td>526.394,37<\/td>\n<td>352.730,04<\/td>\n<td>350.961,84<\/td>\n<td>4.119.545,93<\/td>\n<td>0,00<\/td>\n<\/tr>\n<tr>\n<td>Indeniza\u00e7\u00f5es por Demiss\u00e3o e Incentivos \u00e0 Demiss\u00e3o Volunt\u00e1ria<\/td>\n<td>0,00<\/td>\n<td>0,00<\/td>\n<td>0,00<\/td>\n<td>0,00<\/td>\n<td>0,00<\/td>\n<td>4.894,45<\/td>\n<td>0,00<\/td>\n<td>0,00<\/td>\n<td>0,00<\/td>\n<td>0,00<\/td>\n<td>0,00<\/td>\n<td>0,00<\/td>\n<td>4.894,45<\/td>\n<td>0,00<\/td>\n<\/tr>\n<tr>\n<td>Decorrentes de Decis\u00e3o Judicial de per\u00edodo anterior ao da apura\u00e7\u00e3o<\/td>\n<td>0,00<\/td>\n<td>0,00<\/td>\n<td>0,00<\/td>\n<td>0,00<\/td>\n<td>0,00<\/td>\n<td>0,00<\/td>\n<td>0,00<\/td>\n<td>0,00<\/td>\n<td>0,00<\/td>\n<td>0,00<\/td>\n<td>0,00<\/td>\n<td>0,00<\/td>\n<td>0,00<\/td>\n<td>0,00<\/td>\n<\/tr>\n<tr>\n<td>Despesas de Exerc\u00edcios Anteriores de per\u00edodo anterior ao da apura\u00e7\u00e3o<\/td>\n<td>0,00<\/td>\n<td>0,00<\/td>\n<td>0,00<\/td>\n<td>0,00<\/td>\n<td>0,00<\/td>\n<td>0,00<\/td>\n<td>0,00<\/td>\n<td>0,00<\/td>\n<td>0,00<\/td>\n<td>0,00<\/td>\n<td>0,00<\/td>\n<td>0,00<\/td>\n<td>0,00<\/td>\n<td>0,00<\/td>\n<\/tr>\n<tr>\n<td>Inativos e Pensionistas com Recursos Vinculados<\/td>\n<td>264.929,33<\/td>\n<td>273.506,58<\/td>\n<td>276.491,84<\/td>\n<td>315.367,27<\/td>\n<td>273.864,59<\/td>\n<td>421.018,70<\/td>\n<td>361.594,84<\/td>\n<td>348.896,04<\/td>\n<td>348.896,04<\/td>\n<td>526.394,37<\/td>\n<td>352.730,04<\/td>\n<td>350.961,84<\/td>\n<td>4.114.651,48<\/td>\n<td>0,00<\/td>\n<\/tr>\n<tr>\n<td>Despesa L\u00edquida com Pessoal (III) = (I-II)<\/td>\n<td>1.573.417,76<\/td>\n<td>1.474.124,33<\/td>\n<td>1.526.833,84<\/td>\n<td>3.335.107,00<\/td>\n<td>1.463.471,22<\/td>\n<td>1.481.201,55<\/td>\n<td>1.671.184,71<\/td>\n<td>1.627.066,61<\/td>\n<td>1.655.138,62<\/td>\n<td>2.244.665,55<\/td>\n<td>1.823.256,86<\/td>\n<td>1.777.601,52<\/td>\n<td>21.653.069,57<\/td>\n<td>0,00<\/td>\n<\/tr>\n<tr>\n<td colspan=\"13\">DTP E APURA\u00c7\u00c3O DO CUMPRIMENTO DO LIMITE LEGAL<\/td>\n<td>Valor<\/td>\n<td>% Sobre a RCL Ajustada<\/td>\n<\/tr>\n<tr>\n<td colspan=\"13\">Receita Corrente L\u00edquida &#8211; RCL (IV)<\/td>\n<td>64.814.440,69<\/td>\n<td>0,00<\/td>\n<\/tr>\n<tr>\n<td colspan=\"13\">(-) Transfer\u00eancias obrigat\u00f3rias da uni\u00e3o relativas \u00e0s emendas individuais (V)<\/td>\n<td>0,00<\/td>\n<td>0,00<\/td>\n<\/tr>\n<tr>\n<td colspan=\"13\">(-) Transfer\u00eancias obrigat\u00f3rias da uni\u00e3o relativas \u00e0s emendas de bancada (VI)<\/td>\n<td>0,00<\/td>\n<td>0,00<\/td>\n<\/tr>\n<tr>\n<td colspan=\"13\">= Receita Corrente L\u00edquida Ajustada para C\u00e1lculo dos limites da Despesa com Pessoal (VII) = (IV &#8211; V &#8211; VI)<\/td>\n<td>64.814.440,69<\/td>\n<td>0,00<\/td>\n<\/tr>\n<tr>\n<td colspan=\"13\">Despesa Total com Pessoal &#8211; DTP (VIII) = (IIIa + IIIb)<\/td>\n<td>21.653.069,57<\/td>\n<td>33,41<\/td>\n<\/tr>\n<tr>\n<td colspan=\"13\">Limite M\u00e1ximo (IX) (incisos I, II e III do art. 20 da LRF)<\/td>\n<td>38.888.664,41<\/td>\n<td>60,00<\/td>\n<\/tr>\n<tr>\n<td colspan=\"13\">Limite Prudencial (X) = (0,95 x IX) (par\u00e1grafo \u00fanico do art. 22 da LRF)<\/td>\n<td>36.944.231,19<\/td>\n<td>57,00<\/td>\n<\/tr>\n<tr>\n<td colspan=\"13\">Limite de Alerta (XI) = (0,90 x IX) (inciso II do par\u00e1grafo 1\u00ba do art. 59 da LRF)<\/td>\n<td>31.499.818,18<\/td>\n<td>48,60<\/td>\n<\/tr>\n<\/tbody>\n<\/table>\n<p>&nbsp;<\/p>\n<p><b><i>FELIPE FERREIRA DE MENEZES ARA\u00daJO<\/i><\/b><\/p>\n<p>Prefeito<\/p>\n<p>&nbsp;<\/p>\n<p><b><i>JOS\u00c9 ANCHIETA DOS SANTOS<\/i><\/b><\/p>\n<p>Secret\u00e1rio Municipal De Planejamento E Finan\u00e7as<\/p>\n<p>&nbsp;<\/p>\n<p><b><i>FRANCISCO ROBERTO FERREIRA DANTAS<\/i><\/b><\/p>\n<p>Contador CRC\/RN 6873<\/p>\n<div align=\"right\"><\/div>\n<\/div>\n<div class=\"pdfprnt-buttons pdfprnt-buttons-post pdfprnt-bottom-right\"><a href=\"https:\/\/lajes.rn.gov.br\/transparente\/index\/wp-json\/wp\/v2\/posts\/23124?print=pdf\" class=\"pdfprnt-button pdfprnt-button-pdf\" target=\"_blank\" ><img decoding=\"async\" src=\"https:\/\/lajes.rn.gov.br\/transparente\/index\/wp-content\/plugins\/pdf-print\/images\/pdf.png\" alt=\"image_pdf\" title=\"Ver PDF\" \/><\/a><a href=\"https:\/\/lajes.rn.gov.br\/transparente\/index\/wp-json\/wp\/v2\/posts\/23124?print=print\" class=\"pdfprnt-button pdfprnt-button-print\" target=\"_blank\" ><img decoding=\"async\" src=\"https:\/\/lajes.rn.gov.br\/transparente\/index\/wp-content\/plugins\/pdf-print\/images\/print.png\" alt=\"image_print\" title=\"Conte\u00fado de impress\u00e3o\" \/><\/a><\/div>","protected":false},"excerpt":{"rendered":"<p>ESTADO DO RIO GRANDE DO NORTE PREFEITURA MUNICIPAL DE LAJES GABINETE DO PREFEITO ANEXO I RGF &#8211; REPUBLICA\u00c7\u00c3O POR INCORRE\u00c7\u00c3O Sistema Or\u00e7ament\u00e1rio, Financeiro e Cont\u00e1bil Relat\u00f3rio de Gest\u00e3o Fiscal &#8211; Demonstrativo Consolidado da Despesa com Pessoal Exerc\u00edcio:\u00a02022 Bimestre: JULHO-AGOSTO\/2022 RGF &#8211; Anexo 1 (LRF, art 55, inciso I, al\u00ednea &#8220;a&#8221;) Despesas Com Pessoal Despesas Executadas [&hellip;]<\/p>\n","protected":false},"author":3,"featured_media":0,"comment_status":"closed","ping_status":"closed","sticky":false,"template":"","format":"standard","meta":{"ocean_post_layout":"","ocean_both_sidebars_style":"","ocean_both_sidebars_content_width":0,"ocean_both_sidebars_sidebars_width":0,"ocean_sidebar":"","ocean_second_sidebar":"","ocean_disable_margins":"enable","ocean_add_body_class":"","ocean_shortcode_before_top_bar":"","ocean_shortcode_after_top_bar":"","ocean_shortcode_before_header":"","ocean_shortcode_after_header":"","ocean_has_shortcode":"","ocean_shortcode_after_title":"","ocean_shortcode_before_footer_widgets":"","ocean_shortcode_after_footer_widgets":"","ocean_shortcode_before_footer_bottom":"","ocean_shortcode_after_footer_bottom":"","ocean_display_top_bar":"default","ocean_display_header":"default","ocean_header_style":"","ocean_center_header_left_menu":"","ocean_custom_header_template":"","ocean_custom_logo":0,"ocean_custom_retina_logo":0,"ocean_custom_logo_max_width":0,"ocean_custom_logo_tablet_max_width":0,"ocean_custom_logo_mobile_max_width":0,"ocean_custom_logo_max_height":0,"ocean_custom_logo_tablet_max_height":0,"ocean_custom_logo_mobile_max_height":0,"ocean_header_custom_menu":"","ocean_menu_typo_font_family":"","ocean_menu_typo_font_subset":"","ocean_menu_typo_font_size":0,"ocean_menu_typo_font_size_tablet":0,"ocean_menu_typo_font_size_mobile":0,"ocean_menu_typo_font_size_unit":"px","ocean_menu_typo_font_weight":"","ocean_menu_typo_font_weight_tablet":"","ocean_menu_typo_font_weight_mobile":"","ocean_menu_typo_transform":"","ocean_menu_typo_transform_tablet":"","ocean_menu_typo_transform_mobile":"","ocean_menu_typo_line_height":0,"ocean_menu_typo_line_height_tablet":0,"ocean_menu_typo_line_height_mobile":0,"ocean_menu_typo_line_height_unit":"","ocean_menu_typo_spacing":0,"ocean_menu_typo_spacing_tablet":0,"ocean_menu_typo_spacing_mobile":0,"ocean_menu_typo_spacing_unit":"","ocean_menu_link_color":"","ocean_menu_link_color_hover":"","ocean_menu_link_color_active":"","ocean_menu_link_background":"","ocean_menu_link_hover_background":"","ocean_menu_link_active_background":"","ocean_menu_social_links_bg":"","ocean_menu_social_hover_links_bg":"","ocean_menu_social_links_color":"","ocean_menu_social_hover_links_color":"","ocean_disable_title":"default","ocean_disable_heading":"default","ocean_post_title":"","ocean_post_subheading":"","ocean_post_title_style":"","ocean_post_title_background_color":"","ocean_post_title_background":0,"ocean_post_title_bg_image_position":"","ocean_post_title_bg_image_attachment":"","ocean_post_title_bg_image_repeat":"","ocean_post_title_bg_image_size":"","ocean_post_title_height":0,"ocean_post_title_bg_overlay":0.5,"ocean_post_title_bg_overlay_color":"","ocean_disable_breadcrumbs":"default","ocean_breadcrumbs_color":"","ocean_breadcrumbs_separator_color":"","ocean_breadcrumbs_links_color":"","ocean_breadcrumbs_links_hover_color":"","ocean_display_footer_widgets":"default","ocean_display_footer_bottom":"default","ocean_custom_footer_template":"","ocean_post_oembed":"","ocean_post_self_hosted_media":"","ocean_post_video_embed":"","ocean_link_format":"","ocean_link_format_target":"self","ocean_quote_format":"","ocean_quote_format_link":"post","ocean_gallery_link_images":"on","ocean_gallery_id":[],"footnotes":""},"categories":[17,162,28,30],"tags":[],"class_list":["post-23124","post","type-post","status-publish","format-standard","hentry","category-instrumentos-da-transparencia","category-lrf","category-rgf","category-rgf-2022","entry"],"_links":{"self":[{"href":"https:\/\/lajes.rn.gov.br\/transparente\/index\/wp-json\/wp\/v2\/posts\/23124","targetHints":{"allow":["GET"]}}],"collection":[{"href":"https:\/\/lajes.rn.gov.br\/transparente\/index\/wp-json\/wp\/v2\/posts"}],"about":[{"href":"https:\/\/lajes.rn.gov.br\/transparente\/index\/wp-json\/wp\/v2\/types\/post"}],"author":[{"embeddable":true,"href":"https:\/\/lajes.rn.gov.br\/transparente\/index\/wp-json\/wp\/v2\/users\/3"}],"replies":[{"embeddable":true,"href":"https:\/\/lajes.rn.gov.br\/transparente\/index\/wp-json\/wp\/v2\/comments?post=23124"}],"version-history":[{"count":1,"href":"https:\/\/lajes.rn.gov.br\/transparente\/index\/wp-json\/wp\/v2\/posts\/23124\/revisions"}],"predecessor-version":[{"id":23125,"href":"https:\/\/lajes.rn.gov.br\/transparente\/index\/wp-json\/wp\/v2\/posts\/23124\/revisions\/23125"}],"wp:attachment":[{"href":"https:\/\/lajes.rn.gov.br\/transparente\/index\/wp-json\/wp\/v2\/media?parent=23124"}],"wp:term":[{"taxonomy":"category","embeddable":true,"href":"https:\/\/lajes.rn.gov.br\/transparente\/index\/wp-json\/wp\/v2\/categories?post=23124"},{"taxonomy":"post_tag","embeddable":true,"href":"https:\/\/lajes.rn.gov.br\/transparente\/index\/wp-json\/wp\/v2\/tags?post=23124"}],"curies":[{"name":"wp","href":"https:\/\/api.w.org\/{rel}","templated":true}]}}