{"id":22056,"date":"2021-12-15T15:40:06","date_gmt":"2021-12-15T18:40:06","guid":{"rendered":"https:\/\/lajes.ticetb.com.br\/transparente\/index\/?p=22056"},"modified":"2023-01-26T15:41:02","modified_gmt":"2023-01-26T18:41:02","slug":"portaria-retificadora-no-000009-2021-aposentadoria-do-art-6o-da-ec-41-2003-professor","status":"publish","type":"post","link":"https:\/\/lajes.rn.gov.br\/transparente\/index\/portaria-retificadora-no-000009-2021-aposentadoria-do-art-6o-da-ec-41-2003-professor\/","title":{"rendered":"PORTARIA RETIFICADORA N\u00ba 000009\/2021 APOSENTADORIA DO ART. 6\u00ba DA EC 41\/2003 (PROFESSOR)"},"content":{"rendered":"<div id=\"separador\" class=\"cabecalhoEstadoSeparador cabecalhoEstadoSeparador1\">\n<p style=\"text-align: center;\"><strong>ESTADO DO RIO GRANDE DO NORTE<\/strong><br \/>\n<strong>PREFEITURA MUNICIPAL DE LAJES<\/strong><\/p>\n<\/div>\n<p class=\"cabecaorgao\" style=\"text-align: center;\"><strong>PREVLAJES<\/strong><\/p>\n<hr \/>\n<div id=\"materia\" class=\"materia materia20091123 materia1\">\n<p>PORTARIA RETIFICADORA N\u00ba 000009\/2021 APOSENTADORIA DO ART. 6\u00ba DA EC 41\/2003 (PROFESSOR)<\/p>\n<p>Lajes\/RN, 15 de dezembro de 2021.<\/p>\n<p>&nbsp;<\/p>\n<p><i>Disp\u00f5e sobre a concess\u00e3o do benef\u00edcio de Aposentadoria Especial por Idade e Tempo de Contribui\u00e7\u00e3o em favor da servidora FRANCISCA M\u00d4NICA DA SILVA.<\/i><\/p>\n<p>&nbsp;<\/p>\n<p><b>O DIRETOR EXECUTIVO DO PREVLAJES &#8211; FUNDO DE PREVID\u00caNCIA SOCIAL DE LAJES, ESTADO DO RIO GRANDE DO NORTE<\/b>, no uso pleno de suas atribui\u00e7\u00f5es legais lhes outorgadas nos termos da Lei Municipal n\u00ba\u00a0<b>558<\/b>, de 02 de janeiro de 2013;<\/p>\n<p>&nbsp;<\/p>\n<p><b>Resolve<\/b>:<\/p>\n<p>&nbsp;<\/p>\n<p><b>Art. 1\u00ba &#8211;<\/b>\u00a0Retificar a Portaria n\u00ba 002\/2014, para constar o n\u00edvel e a letra do cargo em que a servidora foi aposentada;<\/p>\n<p>&nbsp;<\/p>\n<p><b>Art. 2\u00ba &#8211;\u00a0<\/b>Conceder o benef\u00edcio de\u00a0<b>Aposentadoria Especial por Idade e Tempo de Contribui\u00e7\u00e3o com proventos integrais<\/b>\u00a0\u00e0 servidora\u00a0<b>FRANCISCA M\u00d4NICA DA SILVA,\u00a0<\/b>portadora do RG n\u00ba 572.757, SSP-RN, CPF n\u00ba 702.772.224-00, titular do cargo de\u00a0<u>Professora N\u00edvel I, Letra I<\/u>, Matr\u00edcula Funcional n.\u00ba 60, lotada na Secretaria Municipal de Educa\u00e7\u00e3o e Cultura do Munic\u00edpio de Lajes\/RN, nos termos do\u00a0<i>art. 6\u00ba, incisos I, II, III e IV da Emenda Constitucional n\u00ba 41, de 19 de dezembro de 2003, c\/c \u00a7 5\u00ba do art. 40 da Constitui\u00e7\u00e3o Federal; art. 7\u00ba da EC 41\/03 e art. 2\u00ba da EC 47\/05 e arts. 30 e 44 da Lei Municipal n\u00ba 558\/2013<\/i>.<\/p>\n<p>&nbsp;<\/p>\n<p><b>Art. 3\u00ba<\/b>\u00a0&#8211; Esta Portaria entra em vigor na data de sua publica\u00e7\u00e3o, com efeitos retroativos a 02 de janeiro de 2014, revogadas as disposi\u00e7\u00f5es em contr\u00e1rio.<\/p>\n<p>&nbsp;<\/p>\n<p>Registre-se, Publique-se e Cumpra-se.<\/p>\n<p>&nbsp;<\/p>\n<p>&nbsp;<\/p>\n<p><b><i>RAIMUNDO MANOEL DA SILVA<\/i><\/b><\/p>\n<p><b><i><\/i><\/b>&nbsp;<\/p>\n<p>Diretor Executivo<\/p>\n<\/div>\n<div class=\"pdfprnt-buttons pdfprnt-buttons-post pdfprnt-bottom-right\"><a href=\"https:\/\/lajes.rn.gov.br\/transparente\/index\/wp-json\/wp\/v2\/posts\/22056?print=pdf\" class=\"pdfprnt-button pdfprnt-button-pdf\" target=\"_blank\" ><img decoding=\"async\" src=\"https:\/\/lajes.rn.gov.br\/transparente\/index\/wp-content\/plugins\/pdf-print\/images\/pdf.png\" alt=\"image_pdf\" title=\"Ver PDF\" \/><\/a><a href=\"https:\/\/lajes.rn.gov.br\/transparente\/index\/wp-json\/wp\/v2\/posts\/22056?print=print\" class=\"pdfprnt-button pdfprnt-button-print\" target=\"_blank\" ><img decoding=\"async\" src=\"https:\/\/lajes.rn.gov.br\/transparente\/index\/wp-content\/plugins\/pdf-print\/images\/print.png\" alt=\"image_print\" title=\"Conte\u00fado de impress\u00e3o\" \/><\/a><\/div>","protected":false},"excerpt":{"rendered":"<p>ESTADO DO RIO GRANDE DO NORTE PREFEITURA MUNICIPAL DE LAJES PREVLAJES PORTARIA RETIFICADORA N\u00ba 000009\/2021 APOSENTADORIA DO ART. 6\u00ba DA EC 41\/2003 (PROFESSOR) Lajes\/RN, 15 de dezembro de 2021. &nbsp; Disp\u00f5e sobre a concess\u00e3o do benef\u00edcio de Aposentadoria Especial por Idade e Tempo de Contribui\u00e7\u00e3o em favor da servidora FRANCISCA M\u00d4NICA DA SILVA. &nbsp; O [&hellip;]<\/p>\n","protected":false},"author":3,"featured_media":0,"comment_status":"closed","ping_status":"closed","sticky":false,"template":"","format":"standard","meta":{"ocean_post_layout":"","ocean_both_sidebars_style":"","ocean_both_sidebars_content_width":0,"ocean_both_sidebars_sidebars_width":0,"ocean_sidebar":"","ocean_second_sidebar":"","ocean_disable_margins":"enable","ocean_add_body_class":"","ocean_shortcode_before_top_bar":"","ocean_shortcode_after_top_bar":"","ocean_shortcode_before_header":"","ocean_shortcode_after_header":"","ocean_has_shortcode":"","ocean_shortcode_after_title":"","ocean_shortcode_before_footer_widgets":"","ocean_shortcode_after_footer_widgets":"","ocean_shortcode_before_footer_bottom":"","ocean_shortcode_after_footer_bottom":"","ocean_display_top_bar":"default","ocean_display_header":"default","ocean_header_style":"","ocean_center_header_left_menu":"","ocean_custom_header_template":"","ocean_custom_logo":0,"ocean_custom_retina_logo":0,"ocean_custom_logo_max_width":0,"ocean_custom_logo_tablet_max_width":0,"ocean_custom_logo_mobile_max_width":0,"ocean_custom_logo_max_height":0,"ocean_custom_logo_tablet_max_height":0,"ocean_custom_logo_mobile_max_height":0,"ocean_header_custom_menu":"","ocean_menu_typo_font_family":"","ocean_menu_typo_font_subset":"","ocean_menu_typo_font_size":0,"ocean_menu_typo_font_size_tablet":0,"ocean_menu_typo_font_size_mobile":0,"ocean_menu_typo_font_size_unit":"px","ocean_menu_typo_font_weight":"","ocean_menu_typo_font_weight_tablet":"","ocean_menu_typo_font_weight_mobile":"","ocean_menu_typo_transform":"","ocean_menu_typo_transform_tablet":"","ocean_menu_typo_transform_mobile":"","ocean_menu_typo_line_height":0,"ocean_menu_typo_line_height_tablet":0,"ocean_menu_typo_line_height_mobile":0,"ocean_menu_typo_line_height_unit":"","ocean_menu_typo_spacing":0,"ocean_menu_typo_spacing_tablet":0,"ocean_menu_typo_spacing_mobile":0,"ocean_menu_typo_spacing_unit":"","ocean_menu_link_color":"","ocean_menu_link_color_hover":"","ocean_menu_link_color_active":"","ocean_menu_link_background":"","ocean_menu_link_hover_background":"","ocean_menu_link_active_background":"","ocean_menu_social_links_bg":"","ocean_menu_social_hover_links_bg":"","ocean_menu_social_links_color":"","ocean_menu_social_hover_links_color":"","ocean_disable_title":"default","ocean_disable_heading":"default","ocean_post_title":"","ocean_post_subheading":"","ocean_post_title_style":"","ocean_post_title_background_color":"","ocean_post_title_background":0,"ocean_post_title_bg_image_position":"","ocean_post_title_bg_image_attachment":"","ocean_post_title_bg_image_repeat":"","ocean_post_title_bg_image_size":"","ocean_post_title_height":0,"ocean_post_title_bg_overlay":0.5,"ocean_post_title_bg_overlay_color":"","ocean_disable_breadcrumbs":"default","ocean_breadcrumbs_color":"","ocean_breadcrumbs_separator_color":"","ocean_breadcrumbs_links_color":"","ocean_breadcrumbs_links_hover_color":"","ocean_display_footer_widgets":"default","ocean_display_footer_bottom":"default","ocean_custom_footer_template":"","ocean_post_oembed":"","ocean_post_self_hosted_media":"","ocean_post_video_embed":"","ocean_link_format":"","ocean_link_format_target":"self","ocean_quote_format":"","ocean_quote_format_link":"post","ocean_gallery_link_images":"on","ocean_gallery_id":[],"footnotes":""},"categories":[2,61,69],"tags":[],"class_list":["post-22056","post","type-post","status-publish","format-standard","hentry","category-legislacao","category-portarias","category-portarias-2021","entry"],"_links":{"self":[{"href":"https:\/\/lajes.rn.gov.br\/transparente\/index\/wp-json\/wp\/v2\/posts\/22056","targetHints":{"allow":["GET"]}}],"collection":[{"href":"https:\/\/lajes.rn.gov.br\/transparente\/index\/wp-json\/wp\/v2\/posts"}],"about":[{"href":"https:\/\/lajes.rn.gov.br\/transparente\/index\/wp-json\/wp\/v2\/types\/post"}],"author":[{"embeddable":true,"href":"https:\/\/lajes.rn.gov.br\/transparente\/index\/wp-json\/wp\/v2\/users\/3"}],"replies":[{"embeddable":true,"href":"https:\/\/lajes.rn.gov.br\/transparente\/index\/wp-json\/wp\/v2\/comments?post=22056"}],"version-history":[{"count":1,"href":"https:\/\/lajes.rn.gov.br\/transparente\/index\/wp-json\/wp\/v2\/posts\/22056\/revisions"}],"predecessor-version":[{"id":22057,"href":"https:\/\/lajes.rn.gov.br\/transparente\/index\/wp-json\/wp\/v2\/posts\/22056\/revisions\/22057"}],"wp:attachment":[{"href":"https:\/\/lajes.rn.gov.br\/transparente\/index\/wp-json\/wp\/v2\/media?parent=22056"}],"wp:term":[{"taxonomy":"category","embeddable":true,"href":"https:\/\/lajes.rn.gov.br\/transparente\/index\/wp-json\/wp\/v2\/categories?post=22056"},{"taxonomy":"post_tag","embeddable":true,"href":"https:\/\/lajes.rn.gov.br\/transparente\/index\/wp-json\/wp\/v2\/tags?post=22056"}],"curies":[{"name":"wp","href":"https:\/\/api.w.org\/{rel}","templated":true}]}}